{"id":16774,"date":"2021-06-02T09:06:04","date_gmt":"2021-06-02T07:06:04","guid":{"rendered":"https:\/\/estanteriasrecord.com\/blog\/le-premier-kilometre-de-la-logistique"},"modified":"2025-05-08T09:58:50","modified_gmt":"2025-05-08T07:58:50","slug":"le-premier-kilometre-de-la-logistique","status":"publish","type":"post","link":"https:\/\/estanteriasrecord.com\/fr\/blog\/le-premier-kilometre-de-la-logistique","title":{"rendered":"LE PREMIER KILOM\u00c8TRE DE LA LOGISTIQUE"},"content":{"rendered":"\t\t<div data-elementor-type=\"wp-post\" data-elementor-id=\"16774\" class=\"elementor elementor-16774 elementor-8471\" data-elementor-post-type=\"post\">\n\t\t\t\t<div class=\"elementor-element elementor-element-8f4b54a e-flex e-con-boxed e-con e-parent\" data-id=\"8f4b54a\" data-element_type=\"container\" data-e-type=\"container\">\n\t\t\t\t\t<div class=\"e-con-inner\">\n\t\t\t\t<div class=\"elementor-element elementor-element-608d164b elementor-widget elementor-widget-text-editor\" data-id=\"608d164b\" data-element_type=\"widget\" data-e-type=\"widget\" data-widget_type=\"text-editor.default\">\n\t\t\t\t<div class=\"elementor-widget-container\">\n\t\t\t\t\t\t\t\t\t<p>Actuellement, tous les secteurs ont une grande vari\u00e9t\u00e9 de cha\u00eenes de distribution pour leurs marchandises. Les entreprises <strong>doivent \u00eatre hautement comp\u00e9titives<\/strong> d\u00e8s le d\u00e9but de tout processus logistique. Ce d\u00e9but dans la phase de distribution est ce que l&rsquo;on appelle en logistique le \u00ab premier kilom\u00e8tre \u00bb, terme d\u00e9riv\u00e9 du \u00ab dernier kilom\u00e8tre \u00bb oppos\u00e9, o\u00f9 le produit est livr\u00e9 au consommateur final.  <\/p><p>Par cons\u00e9quent, une bonne gestion du premier kilom\u00e8tre doit envisager l&rsquo;adoption de strat\u00e9gies appropri\u00e9es pour la pr\u00e9paration, l&#8217;emballage, l&rsquo;exp\u00e9dition et le transport du produit afin qu&rsquo;il soit envoy\u00e9 de la meilleure fa\u00e7on et dans les plus brefs d\u00e9lais. Cela implique n\u00e9cessairement une <g id=\"gid_1\">analyse minutieuse des processus et des op\u00e9rations impliqu\u00e9es<\/g>, \u00e0 l&rsquo;origine desquelles un syst\u00e8me de stockage efficace doit \u00eatre situ\u00e9. <\/p><p>Une conception correcte de l&rsquo;op\u00e9ration de stockage aidera \u00e0 la gestion productive du premier kilom\u00e8tre. Pour cette raison, l&rsquo;analyse pr\u00e9alable des besoins de stockage et des syst\u00e8mes de travail est essentielle pour dimensionner et configurer de mani\u00e8re productive le syst\u00e8me de rayonnage de l&rsquo;entrep\u00f4t. <\/p><p>Dans cet article, nous d\u00e9taillons quelques-uns des points \u00e0 prendre en compte pour obtenir un premier kilom\u00e8tre efficace.<\/p><h3><strong>A)<\/strong> <strong>Pr\u00e9paration de la commande <\/strong>.<\/h3><p>La commande doit \u00eatre pr\u00e9par\u00e9e selon un certain protocole selon le type de marchandise et le syst\u00e8me d\u2019exp\u00e9dition utilis\u00e9. L\u2019absence d\u2019erreurs et la rapidit\u00e9 du processus sont des exigences fondamentales pour <a title=\"Picking comme valeur differentielle | Estanter\u00edas Record\" href=\"https:\/\/estanteriasrecord.com\/fr\/blog\/le-processus-de-picking-comme-valeur-differentielle\">g\u00e9n\u00e9rer de la valeur diff\u00e9rentielle dans la gestion du picking<\/a>, comme nous l\u2019avons soulign\u00e9 dans un article pr\u00e9c\u00e9dent. <\/p><h3><strong>B) Emballage<\/strong>.<\/h3><p>Il convient de rappeler qu\u2019il est essentiel d\u2019\u00e9viter tout endommagement du produit lors des activit\u00e9s de pr\u00e9paration de commande au sein du circuit interne de l\u2019entrep\u00f4t. Une <strong>manutention professionnelle<\/strong> est indispensable dans cette phase du premier kilom\u00e8tre logistique. <\/p><h3><strong>C) Transport initial<\/strong>.<\/h3><p>Le \u00ab chargement sur camion \u00bb de la marchandise en parfait \u00e9tat, ainsi que la validation des donn\u00e9es de transit logistique n\u00e9cessaires au bon transfert vers l\u2019adresse de destination. Ce processus n\u00e9cessite une attention particuli\u00e8re, car il comporte deux phases diff\u00e9rentes : <\/p><ul style=\"list-style-type: circle;\"><li><strong>L&rsquo;organisation de la marchandise<\/strong> au sein du syst\u00e8me de transport afin que les livraisons se d\u00e9roulent sans probl\u00e8me et dans l&rsquo;ordre \u00e9tabli.<\/li><\/ul><ul style=\"list-style-type: circle;\"><li><strong>La validation de l&rsquo;\u00e9tiquetage dans l&rsquo;itin\u00e9raire logistique,<\/strong> en v\u00e9rifiant que chaque chargement passe dans le syst\u00e8me d&rsquo;exp\u00e9dition requis et non dans un autre. Bon nombre des exp\u00e9ditions qui \u00ab \u00e9chouent \u00bb sont dues \u00e0 des fautes professionnelles dans cette phase sp\u00e9cifique. <\/li><\/ul><p> <\/p><p><img fetchpriority=\"high\" decoding=\"async\" class=\"aligncenter\" src=\"https:\/\/estanteriasrecord.com\/wp-content\/uploads\/2024\/06\/Primera-milla-estanterias-record-2-1622617499.jpg\" alt=\"Le premier kilometre de la logistique | Estanter\u00edas Record\" width=\"540\" height=\"300\"><\/p><p> <\/p><p>Cependant, malgr\u00e9 le soin apport\u00e9 aux processus d\u00e9crits, nous pouvons parfois trouver des situations qui conduisent \u00e0 des incidents :<\/p><ul><li><h5><strong>Grand volume de commandes .<\/strong><\/h5><\/li><\/ul><p>En raison de la saisonnalit\u00e9 ou de circonstances internes, l\u2019entrep\u00f4t peut voir sa charge de travail habituelle d\u00e9pass\u00e9e, ce qui entra\u00eene une plus grande possibilit\u00e9 d\u2019erreur pour des raisons purement statistiques. Cette situation n\u00e9cessite une plus grande implication dans les t\u00e2ches logistiques et une attention maximale dans les processus de picking et de pr\u00e9paration des commandes. <\/p><ul><li><h5><strong>Mauvaise commande\/marchandise\/donn\u00e9es client.<\/strong><\/h5><\/li><\/ul><p>L\u2019existence d\u2019erreurs dans les informations de commande ou de livraison est un probl\u00e8me r\u00e9current dans chaque processus logistique. En termes de \u00ab premier kilom\u00e8tre \u00bb, il est essentiel d\u2019avoir un processus de validation des donn\u00e9es efficace, afin d\u2019\u00e9viter les incidents ult\u00e9rieurs. <\/p><ul><li><h5><strong>Service \u00e0 valider.<\/strong><\/h5><\/li><\/ul><p>Il ne faut pas oublier que l\u2019erreur humaine est pr\u00e9sente m\u00eame dans les processus o\u00f9 l\u2019efficacit\u00e9 est une \u00ab exigence obligatoire \u00bb.<\/p><p>Les protocoles d&rsquo;action aident dans la plupart des cas \u00e0 pr\u00e9venir ou \u00e0 r\u00e9soudre rapidement des probl\u00e8mes inattendus. Disposer d&rsquo;une <strong>cat\u00e9gorisation des protocoles tout au long de la cha\u00eene logistique<\/strong> sera essentiel pour g\u00e9rer avec succ\u00e8s la sortie des marchandises de l&rsquo;entrep\u00f4t. <\/p><p>En conclusion, une bonne gestion du premier kilom\u00e8tre devrait \u00eatre l&rsquo;un des principaux objectifs de chaque entrep\u00f4t et processus logistique, car elle <strong>fournit un sc\u00e9nario de certitude<\/strong>, r\u00e9duisant les risques et les co\u00fbts ind\u00e9sirables.<\/p><p>Chez Estanter\u00edas Record, nous disposons d&rsquo;un service de <a title=\"Conseil Technique | Estanter\u00edas Record\" href=\"https:\/\/estanteriasrecord.com\/fr\/services\/conseil-technique\">conseil technique<\/a> et de <a title=\"Concepcion Et Calcul | Estanter\u00edas Record\" href=\"https:\/\/estanteriasrecord.com\/fr\/services\/conception-et-calcul\">conception<\/a>, soutenu par une \u00e9quipe d&rsquo;experts de professionnels, pour vous offrir la solution de stockage la mieux adapt\u00e9e \u00e0 vos besoins.<\/p><p>Allons-nous commencer \u00e0 concevoir ou \u00e0 am\u00e9liorer votre entrep\u00f4t ? <a title=\"Contact Estanter\u00edas Record\" href=\"https:\/\/estanteriasrecord.com\/fr\/contact\">Contactez-nous maintenant<\/a>.<\/p>\t\t\t\t\t\t\t\t<\/div>\n\t\t\t\t<\/div>\n\t\t\t\t\t<\/div>\n\t\t\t\t<\/div>\n\t\t\t\t<\/div>\n\t\t","protected":false},"excerpt":{"rendered":"<p>Actuellement, tous les secteurs ont une grande vari\u00e9t\u00e9 de cha\u00eenes de distribution pour leurs marchandises. Les entreprises doivent \u00eatre hautement comp\u00e9titives d\u00e8s le d\u00e9but de tout processus logistique. Ce d\u00e9but dans la phase de distribution est ce que l&rsquo;on appelle en logistique le \u00ab premier kilom\u00e8tre \u00bb, terme d\u00e9riv\u00e9 du \u00ab dernier kilom\u00e8tre \u00bb oppos\u00e9, [&hellip;]<\/p>\n","protected":false},"author":5,"featured_media":14049,"comment_status":"closed","ping_status":"closed","sticky":false,"template":"","format":"standard","meta":{"_acf_changed":false,"_joinchat":[],"footnotes":""},"categories":[59],"tags":[],"class_list":["post-16774","post","type-post","status-publish","format-standard","has-post-thumbnail","hentry","category-blog-fr"],"acf":[],"yoast_head":"<!-- This site is optimized with the Yoast SEO plugin v27.0 - https:\/\/yoast.com\/product\/yoast-seo-wordpress\/ -->\n<title>Le premier kilom\u00e8tre de la logistique | Estanter\u00edas Record<\/title>\n<meta name=\"description\" content=\"Le d\u00e9but dans la phase de distribution est ce que l\u2019on appelle en logistique le \u00ab premier kilom\u00e8tre \u00bb . Pr\u00e9paration de la commande. Emballage.\" \/>\n<meta name=\"robots\" content=\"index, follow, max-snippet:-1, max-image-preview:large, max-video-preview:-1\" \/>\n<link rel=\"canonical\" href=\"https:\/\/estanteriasrecord.com\/fr\/blog\/le-premier-kilometre-de-la-logistique\" \/>\n<meta property=\"og:locale\" content=\"fr_FR\" \/>\n<meta property=\"og:type\" content=\"article\" \/>\n<meta property=\"og:title\" content=\"Le premier kilom\u00e8tre de la logistique | Estanter\u00edas Record\" \/>\n<meta property=\"og:description\" content=\"Le d\u00e9but dans la phase de distribution est ce que l\u2019on appelle en logistique le \u00ab premier kilom\u00e8tre \u00bb . Pr\u00e9paration de la commande. Emballage.\" \/>\n<meta property=\"og:url\" content=\"https:\/\/estanteriasrecord.com\/fr\/blog\/le-premier-kilometre-de-la-logistique\" \/>\n<meta property=\"og:site_name\" content=\"Estanter\u00edas Record\" \/>\n<meta property=\"article:publisher\" content=\"https:\/\/www.facebook.com\/estanteriasrecord\/\" \/>\n<meta property=\"article:published_time\" content=\"2021-06-02T07:06:04+00:00\" \/>\n<meta property=\"article:modified_time\" content=\"2025-05-08T07:58:50+00:00\" \/>\n<meta property=\"og:image\" content=\"https:\/\/estanteriasrecord.com\/wp-content\/uploads\/2024\/06\/primera_milla_estanterias_record_1.jpg\" \/>\n\t<meta property=\"og:image:width\" content=\"1920\" \/>\n\t<meta property=\"og:image:height\" content=\"1280\" \/>\n\t<meta property=\"og:image:type\" content=\"image\/jpeg\" \/>\n<meta name=\"author\" content=\"magical_pro\" \/>\n<meta name=\"twitter:card\" content=\"summary_large_image\" \/>\n<meta name=\"twitter:label1\" content=\"\u00c9crit par\" \/>\n\t<meta name=\"twitter:data1\" content=\"magical_pro\" \/>\n\t<meta name=\"twitter:label2\" content=\"Dur\u00e9e de lecture estim\u00e9e\" \/>\n\t<meta name=\"twitter:data2\" content=\"4 minutes\" \/>\n<script type=\"application\/ld+json\" class=\"yoast-schema-graph\">{\"@context\":\"https:\/\/schema.org\",\"@graph\":[{\"@type\":\"Article\",\"@id\":\"https:\/\/estanteriasrecord.com\/fr\/blog\/le-premier-kilometre-de-la-logistique#article\",\"isPartOf\":{\"@id\":\"https:\/\/estanteriasrecord.com\/fr\/blog\/le-premier-kilometre-de-la-logistique\"},\"author\":{\"name\":\"magical_pro\",\"@id\":\"https:\/\/estanteriasrecord.com\/fr#\/schema\/person\/c28b4665b86ed0cfcf845c887a67eb4c\"},\"headline\":\"LE PREMIER KILOM\u00c8TRE DE LA LOGISTIQUE\",\"datePublished\":\"2021-06-02T07:06:04+00:00\",\"dateModified\":\"2025-05-08T07:58:50+00:00\",\"mainEntityOfPage\":{\"@id\":\"https:\/\/estanteriasrecord.com\/fr\/blog\/le-premier-kilometre-de-la-logistique\"},\"wordCount\":769,\"publisher\":{\"@id\":\"https:\/\/estanteriasrecord.com\/fr#organization\"},\"image\":{\"@id\":\"https:\/\/estanteriasrecord.com\/fr\/blog\/le-premier-kilometre-de-la-logistique#primaryimage\"},\"thumbnailUrl\":\"https:\/\/estanteriasrecord.com\/wp-content\/uploads\/2024\/06\/primera_milla_estanterias_record_1.jpg\",\"articleSection\":[\"Blog\"],\"inLanguage\":\"fr-FR\"},{\"@type\":\"WebPage\",\"@id\":\"https:\/\/estanteriasrecord.com\/fr\/blog\/le-premier-kilometre-de-la-logistique\",\"url\":\"https:\/\/estanteriasrecord.com\/fr\/blog\/le-premier-kilometre-de-la-logistique\",\"name\":\"Le premier kilom\u00e8tre de la logistique | Estanter\u00edas Record\",\"isPartOf\":{\"@id\":\"https:\/\/estanteriasrecord.com\/fr#website\"},\"primaryImageOfPage\":{\"@id\":\"https:\/\/estanteriasrecord.com\/fr\/blog\/le-premier-kilometre-de-la-logistique#primaryimage\"},\"image\":{\"@id\":\"https:\/\/estanteriasrecord.com\/fr\/blog\/le-premier-kilometre-de-la-logistique#primaryimage\"},\"thumbnailUrl\":\"https:\/\/estanteriasrecord.com\/wp-content\/uploads\/2024\/06\/primera_milla_estanterias_record_1.jpg\",\"datePublished\":\"2021-06-02T07:06:04+00:00\",\"dateModified\":\"2025-05-08T07:58:50+00:00\",\"description\":\"Le d\u00e9but dans la phase de distribution est ce que l\u2019on appelle en logistique le \u00ab premier kilom\u00e8tre \u00bb . Pr\u00e9paration de la commande. Emballage.\",\"breadcrumb\":{\"@id\":\"https:\/\/estanteriasrecord.com\/fr\/blog\/le-premier-kilometre-de-la-logistique#breadcrumb\"},\"inLanguage\":\"fr-FR\",\"potentialAction\":[{\"@type\":\"ReadAction\",\"target\":[\"https:\/\/estanteriasrecord.com\/fr\/blog\/le-premier-kilometre-de-la-logistique\"]}]},{\"@type\":\"ImageObject\",\"inLanguage\":\"fr-FR\",\"@id\":\"https:\/\/estanteriasrecord.com\/fr\/blog\/le-premier-kilometre-de-la-logistique#primaryimage\",\"url\":\"https:\/\/estanteriasrecord.com\/wp-content\/uploads\/2024\/06\/primera_milla_estanterias_record_1.jpg\",\"contentUrl\":\"https:\/\/estanteriasrecord.com\/wp-content\/uploads\/2024\/06\/primera_milla_estanterias_record_1.jpg\",\"width\":1920,\"height\":1280},{\"@type\":\"BreadcrumbList\",\"@id\":\"https:\/\/estanteriasrecord.com\/fr\/blog\/le-premier-kilometre-de-la-logistique#breadcrumb\",\"itemListElement\":[{\"@type\":\"ListItem\",\"position\":1,\"name\":\"Portada\",\"item\":\"https:\/\/estanteriasrecord.com\/fr\/estanterias-record\"},{\"@type\":\"ListItem\",\"position\":2,\"name\":\"LE PREMIER KILOM\u00c8TRE DE LA LOGISTIQUE\"}]},{\"@type\":\"WebSite\",\"@id\":\"https:\/\/estanteriasrecord.com\/fr#website\",\"url\":\"https:\/\/estanteriasrecord.com\/fr\",\"name\":\"Estanter\u00edas Record\",\"description\":\"Sistemas eficientes de almacenamiento\",\"publisher\":{\"@id\":\"https:\/\/estanteriasrecord.com\/fr#organization\"},\"potentialAction\":[{\"@type\":\"SearchAction\",\"target\":{\"@type\":\"EntryPoint\",\"urlTemplate\":\"https:\/\/estanteriasrecord.com\/fr?s={search_term_string}\"},\"query-input\":{\"@type\":\"PropertyValueSpecification\",\"valueRequired\":true,\"valueName\":\"search_term_string\"}}],\"inLanguage\":\"fr-FR\"},{\"@type\":\"Organization\",\"@id\":\"https:\/\/estanteriasrecord.com\/fr#organization\",\"name\":\"Estanter\u00edas Record\",\"url\":\"https:\/\/estanteriasrecord.com\/fr\",\"logo\":{\"@type\":\"ImageObject\",\"inLanguage\":\"fr-FR\",\"@id\":\"https:\/\/estanteriasrecord.com\/fr#\/schema\/logo\/image\/\",\"url\":\"https:\/\/estanteriasrecord.com\/wp-content\/uploads\/2024\/03\/logo_cab_doc.png\",\"contentUrl\":\"https:\/\/estanteriasrecord.com\/wp-content\/uploads\/2024\/03\/logo_cab_doc.png\",\"width\":250,\"height\":119,\"caption\":\"Estanter\u00edas Record\"},\"image\":{\"@id\":\"https:\/\/estanteriasrecord.com\/fr#\/schema\/logo\/image\/\"},\"sameAs\":[\"https:\/\/www.facebook.com\/estanteriasrecord\/\"]},{\"@type\":\"Person\",\"@id\":\"https:\/\/estanteriasrecord.com\/fr#\/schema\/person\/c28b4665b86ed0cfcf845c887a67eb4c\",\"name\":\"magical_pro\",\"image\":{\"@type\":\"ImageObject\",\"inLanguage\":\"fr-FR\",\"@id\":\"https:\/\/estanteriasrecord.com\/fr#\/schema\/person\/image\/\",\"url\":\"https:\/\/secure.gravatar.com\/avatar\/d3f557e3081c5b56eb83c595e7c177c2d80c9d4a7da37300e7785e1bef6fa5fb?s=96&d=mm&r=g\",\"contentUrl\":\"https:\/\/secure.gravatar.com\/avatar\/d3f557e3081c5b56eb83c595e7c177c2d80c9d4a7da37300e7785e1bef6fa5fb?s=96&d=mm&r=g\",\"caption\":\"magical_pro\"},\"url\":\"https:\/\/estanteriasrecord.com\/fr\/blog\/author\/magical_pro\"}]}<\/script>\n<!-- \/ Yoast SEO plugin. -->","yoast_head_json":{"title":"Le premier kilom\u00e8tre de la logistique | Estanter\u00edas Record","description":"Le d\u00e9but dans la phase de distribution est ce que l\u2019on appelle en logistique le \u00ab premier kilom\u00e8tre \u00bb . Pr\u00e9paration de la commande. Emballage.","robots":{"index":"index","follow":"follow","max-snippet":"max-snippet:-1","max-image-preview":"max-image-preview:large","max-video-preview":"max-video-preview:-1"},"canonical":"https:\/\/estanteriasrecord.com\/fr\/blog\/le-premier-kilometre-de-la-logistique","og_locale":"fr_FR","og_type":"article","og_title":"Le premier kilom\u00e8tre de la logistique | Estanter\u00edas Record","og_description":"Le d\u00e9but dans la phase de distribution est ce que l\u2019on appelle en logistique le \u00ab premier kilom\u00e8tre \u00bb . Pr\u00e9paration de la commande. Emballage.","og_url":"https:\/\/estanteriasrecord.com\/fr\/blog\/le-premier-kilometre-de-la-logistique","og_site_name":"Estanter\u00edas Record","article_publisher":"https:\/\/www.facebook.com\/estanteriasrecord\/","article_published_time":"2021-06-02T07:06:04+00:00","article_modified_time":"2025-05-08T07:58:50+00:00","og_image":[{"width":1920,"height":1280,"url":"https:\/\/estanteriasrecord.com\/wp-content\/uploads\/2024\/06\/primera_milla_estanterias_record_1.jpg","type":"image\/jpeg"}],"author":"magical_pro","twitter_card":"summary_large_image","twitter_misc":{"\u00c9crit par":"magical_pro","Dur\u00e9e de lecture estim\u00e9e":"4 minutes"},"schema":{"@context":"https:\/\/schema.org","@graph":[{"@type":"Article","@id":"https:\/\/estanteriasrecord.com\/fr\/blog\/le-premier-kilometre-de-la-logistique#article","isPartOf":{"@id":"https:\/\/estanteriasrecord.com\/fr\/blog\/le-premier-kilometre-de-la-logistique"},"author":{"name":"magical_pro","@id":"https:\/\/estanteriasrecord.com\/fr#\/schema\/person\/c28b4665b86ed0cfcf845c887a67eb4c"},"headline":"LE PREMIER KILOM\u00c8TRE DE LA LOGISTIQUE","datePublished":"2021-06-02T07:06:04+00:00","dateModified":"2025-05-08T07:58:50+00:00","mainEntityOfPage":{"@id":"https:\/\/estanteriasrecord.com\/fr\/blog\/le-premier-kilometre-de-la-logistique"},"wordCount":769,"publisher":{"@id":"https:\/\/estanteriasrecord.com\/fr#organization"},"image":{"@id":"https:\/\/estanteriasrecord.com\/fr\/blog\/le-premier-kilometre-de-la-logistique#primaryimage"},"thumbnailUrl":"https:\/\/estanteriasrecord.com\/wp-content\/uploads\/2024\/06\/primera_milla_estanterias_record_1.jpg","articleSection":["Blog"],"inLanguage":"fr-FR"},{"@type":"WebPage","@id":"https:\/\/estanteriasrecord.com\/fr\/blog\/le-premier-kilometre-de-la-logistique","url":"https:\/\/estanteriasrecord.com\/fr\/blog\/le-premier-kilometre-de-la-logistique","name":"Le premier kilom\u00e8tre de la logistique | Estanter\u00edas Record","isPartOf":{"@id":"https:\/\/estanteriasrecord.com\/fr#website"},"primaryImageOfPage":{"@id":"https:\/\/estanteriasrecord.com\/fr\/blog\/le-premier-kilometre-de-la-logistique#primaryimage"},"image":{"@id":"https:\/\/estanteriasrecord.com\/fr\/blog\/le-premier-kilometre-de-la-logistique#primaryimage"},"thumbnailUrl":"https:\/\/estanteriasrecord.com\/wp-content\/uploads\/2024\/06\/primera_milla_estanterias_record_1.jpg","datePublished":"2021-06-02T07:06:04+00:00","dateModified":"2025-05-08T07:58:50+00:00","description":"Le d\u00e9but dans la phase de distribution est ce que l\u2019on appelle en logistique le \u00ab premier kilom\u00e8tre \u00bb . Pr\u00e9paration de la commande. Emballage.","breadcrumb":{"@id":"https:\/\/estanteriasrecord.com\/fr\/blog\/le-premier-kilometre-de-la-logistique#breadcrumb"},"inLanguage":"fr-FR","potentialAction":[{"@type":"ReadAction","target":["https:\/\/estanteriasrecord.com\/fr\/blog\/le-premier-kilometre-de-la-logistique"]}]},{"@type":"ImageObject","inLanguage":"fr-FR","@id":"https:\/\/estanteriasrecord.com\/fr\/blog\/le-premier-kilometre-de-la-logistique#primaryimage","url":"https:\/\/estanteriasrecord.com\/wp-content\/uploads\/2024\/06\/primera_milla_estanterias_record_1.jpg","contentUrl":"https:\/\/estanteriasrecord.com\/wp-content\/uploads\/2024\/06\/primera_milla_estanterias_record_1.jpg","width":1920,"height":1280},{"@type":"BreadcrumbList","@id":"https:\/\/estanteriasrecord.com\/fr\/blog\/le-premier-kilometre-de-la-logistique#breadcrumb","itemListElement":[{"@type":"ListItem","position":1,"name":"Portada","item":"https:\/\/estanteriasrecord.com\/fr\/estanterias-record"},{"@type":"ListItem","position":2,"name":"LE PREMIER KILOM\u00c8TRE DE LA LOGISTIQUE"}]},{"@type":"WebSite","@id":"https:\/\/estanteriasrecord.com\/fr#website","url":"https:\/\/estanteriasrecord.com\/fr","name":"Estanter\u00edas Record","description":"Sistemas eficientes de almacenamiento","publisher":{"@id":"https:\/\/estanteriasrecord.com\/fr#organization"},"potentialAction":[{"@type":"SearchAction","target":{"@type":"EntryPoint","urlTemplate":"https:\/\/estanteriasrecord.com\/fr?s={search_term_string}"},"query-input":{"@type":"PropertyValueSpecification","valueRequired":true,"valueName":"search_term_string"}}],"inLanguage":"fr-FR"},{"@type":"Organization","@id":"https:\/\/estanteriasrecord.com\/fr#organization","name":"Estanter\u00edas Record","url":"https:\/\/estanteriasrecord.com\/fr","logo":{"@type":"ImageObject","inLanguage":"fr-FR","@id":"https:\/\/estanteriasrecord.com\/fr#\/schema\/logo\/image\/","url":"https:\/\/estanteriasrecord.com\/wp-content\/uploads\/2024\/03\/logo_cab_doc.png","contentUrl":"https:\/\/estanteriasrecord.com\/wp-content\/uploads\/2024\/03\/logo_cab_doc.png","width":250,"height":119,"caption":"Estanter\u00edas Record"},"image":{"@id":"https:\/\/estanteriasrecord.com\/fr#\/schema\/logo\/image\/"},"sameAs":["https:\/\/www.facebook.com\/estanteriasrecord\/"]},{"@type":"Person","@id":"https:\/\/estanteriasrecord.com\/fr#\/schema\/person\/c28b4665b86ed0cfcf845c887a67eb4c","name":"magical_pro","image":{"@type":"ImageObject","inLanguage":"fr-FR","@id":"https:\/\/estanteriasrecord.com\/fr#\/schema\/person\/image\/","url":"https:\/\/secure.gravatar.com\/avatar\/d3f557e3081c5b56eb83c595e7c177c2d80c9d4a7da37300e7785e1bef6fa5fb?s=96&d=mm&r=g","contentUrl":"https:\/\/secure.gravatar.com\/avatar\/d3f557e3081c5b56eb83c595e7c177c2d80c9d4a7da37300e7785e1bef6fa5fb?s=96&d=mm&r=g","caption":"magical_pro"},"url":"https:\/\/estanteriasrecord.com\/fr\/blog\/author\/magical_pro"}]}},"_links":{"self":[{"href":"https:\/\/estanteriasrecord.com\/fr\/wp-json\/wp\/v2\/posts\/16774","targetHints":{"allow":["GET"]}}],"collection":[{"href":"https:\/\/estanteriasrecord.com\/fr\/wp-json\/wp\/v2\/posts"}],"about":[{"href":"https:\/\/estanteriasrecord.com\/fr\/wp-json\/wp\/v2\/types\/post"}],"author":[{"embeddable":true,"href":"https:\/\/estanteriasrecord.com\/fr\/wp-json\/wp\/v2\/users\/5"}],"replies":[{"embeddable":true,"href":"https:\/\/estanteriasrecord.com\/fr\/wp-json\/wp\/v2\/comments?post=16774"}],"version-history":[{"count":3,"href":"https:\/\/estanteriasrecord.com\/fr\/wp-json\/wp\/v2\/posts\/16774\/revisions"}],"predecessor-version":[{"id":19633,"href":"https:\/\/estanteriasrecord.com\/fr\/wp-json\/wp\/v2\/posts\/16774\/revisions\/19633"}],"wp:featuredmedia":[{"embeddable":true,"href":"https:\/\/estanteriasrecord.com\/fr\/wp-json\/wp\/v2\/media\/14049"}],"wp:attachment":[{"href":"https:\/\/estanteriasrecord.com\/fr\/wp-json\/wp\/v2\/media?parent=16774"}],"wp:term":[{"taxonomy":"category","embeddable":true,"href":"https:\/\/estanteriasrecord.com\/fr\/wp-json\/wp\/v2\/categories?post=16774"},{"taxonomy":"post_tag","embeddable":true,"href":"https:\/\/estanteriasrecord.com\/fr\/wp-json\/wp\/v2\/tags?post=16774"}],"curies":[{"name":"wp","href":"https:\/\/api.w.org\/{rel}","templated":true}]}}