{"id":16874,"date":"2022-11-10T12:30:55","date_gmt":"2022-11-10T11:30:55","guid":{"rendered":"https:\/\/estanteriasrecord.com\/blog\/quelles-sont-les-dimensions-standards-des-palettes-de-stockage"},"modified":"2026-04-16T13:13:48","modified_gmt":"2026-04-16T11:13:48","slug":"quelles-sont-les-dimensions-standards-des-palettes-de-stocka","status":"publish","type":"post","link":"https:\/\/estanteriasrecord.com\/fr\/blog\/quelles-sont-les-dimensions-standards-des-palettes-de-stocka","title":{"rendered":"Dimensions standard des palettes pour le stockage logistique"},"content":{"rendered":"\n<div class=\"resumen-destacado\" style=\"background-color: #f7f7f7; padding: 20px; border-left: 4px solid #ff6300; margin-bottom: 30px;\">\n  <p style=\"margin-top: 0; font-size: 1.1em;\"><strong>Aper\u00e7u rapide des mesures :<\/strong><\/p>\n  <ul style=\"margin-bottom: 0;\">\n    <li><strong>Palette europ\u00e9enne (Europalette) :<\/strong> 800 x 1 200 mm. Poids : 25 kg. Charge dynamique : 1 500 kg.  <\/li>\n    <li><strong>Palette am\u00e9ricaine (universelle) : <\/strong>1 000 x 1 200 mm. Poids : 30 kg. Charge dynamique : 1 500 kg.  <\/li>\n    <li><strong>Demi-palette europ\u00e9enne :<\/strong> 600 x 800 mm. Id\u00e9ale pour la distribution et le secteur agroalimentaire. <\/li>\n  <\/ul>\n<\/div>\n\n<p>Dans la plupart des entreprises de logistique, on utilise des palettes pour stocker et manipuler les marchandises. Au fil des ans, leur fabrication s&rsquo;est progressivement standardis\u00e9e afin de garantir une utilisation aussi efficace et s\u00fbre que possible dans les rayonnages industriels. <\/p>\n\n<figure class=\"wp-block-table\" style=\"margin-top: 20px; margin-bottom: 30px;\">\n  <table style=\"width: 100%; border-collapse: collapse; text-align: left;\">\n    <thead>\n      <tr style=\"background-color: #32373c; color: #ffffff;\">\n        <th style=\"padding: 10px; border: 1px solid #ddd;\">Type de palette<\/th>\n<th style=\"padding: 10px; border: 1px solid #ddd;\">Dimensions (mm)<\/th>\n<th style=\"padding: 10px; border: 1px solid #ddd;\">Charge dynamique<\/th>\n<th style=\"padding: 10px; border: 1px solid #ddd;\">Charge statique<\/th>\n<th style=\"padding: 10px; border: 1px solid #ddd;\">Poids de la palette<\/th>\n      <\/tr>\n    <\/thead>\n    <tbody>\n      <tr>\n        <td style=\"padding: 10px; border: 1px solid #ddd;\">Europalette<\/td>\n<td style=\"padding: 10px; border: 1px solid #ddd;\">800 x 1200<\/td>\n<td style=\"padding: 10px; border: 1px solid #ddd;\">1 500 kg<\/td>\n<td style=\"padding: 10px; border: 1px solid #ddd;\">5 500 kg<\/td>\n<td style=\"padding: 10px; border: 1px solid #ddd;\">25 kg<\/td>\n      <\/tr>\n      <tr>\n        <td style=\"padding: 10px; border: 1px solid #ddd;\">Am\u00e9ricain (Universal)<\/td>\n<td style=\"padding: 10px; border: 1px solid #ddd;\">1000 x 1200<\/td>\n<td style=\"padding: 10px; border: 1px solid #ddd;\">1500 kg<\/td>\n<td style=\"padding: 10px; border: 1px solid #ddd;\">4500 kg<\/td>\n<td style=\"padding: 10px; border: 1px solid #ddd;\">30 kg<\/td>\n      <\/tr>\n      <tr>\n        <strong><td style=\"padding: 10px; border: 1px solid #ddd;\">Demi-palette europ\u00e9enne<\/td><\/strong>\n<td style=\"padding: 10px; border: 1px solid #ddd;\">600 x 800<\/td>\n<td style=\"padding: 10px; border: 1px solid #ddd;\">&#8211;<\/td>\n<td style=\"padding: 10px; border: 1px solid #ddd;\">&#8211;<\/td>\n<td style=\"padding: 10px; border: 1px solid #ddd;\">&#8211;<\/td>\n      <\/tr>\n    <\/tbody>\n  <\/table>\n<\/figure>\n\n<h2 class=\"wp-block-heading\"><strong>Normes ISO et normalisation de la palette industrielle<\/strong><\/h2>\n\n<p> L&rsquo;Organisation internationale de normalisation (ISO), l&rsquo;organisme international charg\u00e9 de promouvoir la normalisation \u00e0 l&rsquo;\u00e9chelle mondiale, a \u00e9labor\u00e9 une s\u00e9rie de normes ISO pour le secteur des palettes. Ces normes visent \u00e0 simplifier, orienter, coordonner et normaliser les pratiques afin de r\u00e9aliser des \u00e9conomies et d&rsquo;am\u00e9liorer l&rsquo;efficacit\u00e9. <\/p>\n\n<p> <strong>Ci-apr\u00e8s les normes ISO en vigueur pour les palettes :<\/strong> <\/p>\n\n<ul>\n  <li>Manutention des mat\u00e9riaux (ISO 445)<\/li>\n  <li>Concernant les tailles et les dimensions (ISO 3676)<\/li>\n  <li>S\u00e9parateurs (ISO 12776)<\/li>\n  <li>R\u00e9paration des palettes en bois \u00e0 surface plane (ISO 18613)<\/li>\n  <li>Emballage, caisses-palettes (ISO 13626)<\/li>\n  <li>Dimensions principales (ISO 13382)<\/li>\n  <li>Dimensions des colis rectangulaires rigides et des colis de transport (ISO 3394)<\/li>\n<\/ul>\n\n<p> En outre, il existe \u00e9galement une <strong>norme<\/strong> <strong>pour l\u2019\u00e9tiquetage des palettes<\/strong> avec leurs diff\u00e9rentes donn\u00e9es, la conception et le placement des \u00e9tiquettes, le GS1 (Standard International Logistics Label).<\/p>\n\n<h2 class=\"wp-block-heading\">Dimensions and measurements of a standard pallet<\/h2>\n\n<p>Les formats les plus couramment utilis\u00e9s sur le march\u00e9 <strong>sont ceux de la palette europ\u00e9enne (europalette) et de la palette am\u00e9ricaine (universelle ou isopale)<\/strong>, mais on trouve \u00e9galement d&rsquo;autres mod\u00e8les pour des t\u00e2ches plus sp\u00e9cifiques.<\/p>\n\n<h3 class=\"wp-block-heading\">Dimensions de la palette europ\u00e9enne (palette Euro)<\/h3>\n\n<p><strong> <\/strong>Cette mesure a \u00e9t\u00e9 adopt\u00e9e pour le transport de marchandises dans les wagons de marchandises des trains de l&rsquo;Union Internationale des Chemins de Fer (UIC), dont l&rsquo;\u00e9cartement \u00e9tait de 2400 mm.<\/p>\n\n<p>Les <strong>palettes europ\u00e9ennes ont des dimensions standard de 800 x 1 200 mm<\/strong> et sont les plus utilis\u00e9es dans le secteur logistique europ\u00e9en. Si elles portent le label EPAL (Association europ\u00e9enne des palettes), elles doivent peser 25 kg et sont capables de supporter une charge en mouvement de 1 500 kg et jusqu&rsquo;\u00e0 5 500 kg \u00e0 l&rsquo;arr\u00eat. Il existe des variantes aux dimensions 1 000 x 1 200 mm et 1 200 x 1 200 mm.  <\/p>\n\n<p>La fabrication des europalettes en Espagne est r\u00e9glement\u00e9e par la norme UNE-EN 13698-1:2003.<\/p>\n\n<p><u>Caract\u00e9ristiques<\/u>:<\/p>\n\n<p><strong> <\/strong>o Todas las clases de <strong>carretillas elevadoras<\/strong> o equipos de manipulaci\u00f3n de pal\u00e9s pueden <strong>manejarlos f\u00e1cilmente<\/strong>.<\/p>\n\n<p> o Il porte la marque EPAL, un anagramme elliptique avec les lettres EPAL marqu\u00e9es sur les d\u00e9s.<\/p>\n\n<p> <u>Manutention<\/u>:<\/p>\n\n<p>Ils doivent \u00eatre <strong>manipul\u00e9s<\/strong> en fonction du syst\u00e8me de stockage o\u00f9 ils seront utilis\u00e9s.<\/p>\n\n<figure class=\"wp-block-image\"><img decoding=\"async\" src=\"https:\/\/estanteriasrecord.com\/wp-content\/uploads\/2025\/02\/pale-europeo-estanterias-record-1668080216-1670403098.jpg\" alt=\"\"\/><\/figure>\n\n<p><\/p>\n\n<p><strong>C\u00f4t\u00e9 A: <\/strong>rayonnages classiques, stockage \u00e0 rouleaux dynamiques.<\/p>\n\n<figure class=\"wp-block-image\"><img decoding=\"async\" src=\"https:\/\/estanteriasrecord.com\/wp-content\/uploads\/2025\/02\/paletizacion-convencional-pale-estanterias-record-1668080719-1024x683.jpg\" alt=\"\"\/><\/figure>\n\n<figure class=\"wp-block-image\"><img decoding=\"async\" src=\"https:\/\/estanteriasrecord.com\/wp-content\/uploads\/2025\/02\/rodillos-push-back-pale-estanterias-record_2-1668080777.jpg\" alt=\"\"\/><\/figure>\n\n<p><br\/><\/p>\n\n<p><strong>C\u00f4t\u00e9 B<\/strong>: stockage sur racks par accumulation et palettes de transport.<\/p>\n\n<figure class=\"wp-block-image\"><img decoding=\"async\" src=\"https:\/\/estanteriasrecord.com\/wp-content\/uploads\/2025\/02\/paletizacion-compacta-estanterias-record-1668080820.jpg\" alt=\"\"\/><\/figure>\n\n<p><\/p>\n\n<p>La manipulation correcte des marchandises palettis\u00e9es est \u00e9galement importante pour <a href=\"https:\/\/estanteriasrecord.com\/fr\/blog\/la-bonne-manipulations-des-marchandises-paletisees\">assurer la s\u00e9curit\u00e9 dans l&rsquo;entrep\u00f4t.<\/a><\/p>\n\n<h3 class=\"wp-block-heading\">Dimensions de la palette am\u00e9ricaine (palette universelle ou isopallete)<\/h3>\n\n<p><strong> <\/strong>Elle est connue sous le nom de palette am\u00e9ricaine en raison de son utilisation g\u00e9n\u00e9ralis\u00e9e aux \u00c9tats-Unis.<\/p>\n\n<p>La<strong> taille standard de cette palette est de 1 000 x 1 200 mm<\/strong> et elle est recommand\u00e9e pour les charges industrielles lourdes. La palette universelle approuv\u00e9e par EPAL a un poids de 30 kg et peut supporter jusqu&rsquo;\u00e0 1 500 kg en charge dynamique et jusqu&rsquo;\u00e0 4 500 kg en stockage statique.  <\/p>\n\n<p>En Espagne, leur fabrication est r\u00e9glement\u00e9e par la norme UNE-EN 13698-2:2010. <\/p>\n\n<p><u>Caract\u00e9ristiques:<\/u><\/p>\n\n<p>o Ils ne sont pas adapt\u00e9s \u00e0 une utilisation sur des transstockeurs bilat\u00e9raux ou des v\u00e9hicules tels que les camions-tours.<\/p>\n\n<p>o Ne convient pas \u00e0 l\u2019utilisation de convoyeurs \u00e0 <strong>rouleaux automatiques<\/strong>. Il est plut\u00f4t recommand\u00e9 d\u2019utiliser des convoyeurs \u00e0 cha\u00eene automatiques. <\/p>\n\n<p>o Peut causer des probl\u00e8mes dans les mouvements de gravit\u00e9 et de d\u00e9chargement des rouleaux.<\/p>\n\n<h2 class=\"wp-block-heading\">Dimensions d&rsquo;une demi-palette, d&rsquo;un quart de palette et d&rsquo;un tiers de palette<\/h2>\n\n<p>El medio palet es la <strong>mitad de largo que un pal\u00e9 europeo (600 x 800 mm)<\/strong> y est\u00e1 muy extendido en la industria agroalimentaria. Existe una variante del medio europal\u00e9, el pal\u00e9 de madera D\u00fcsseldorf, que tiene las mismas medidas, pero cuyos tacos centrales son de pl\u00e1stico y las rejillas laterales de metal. <\/p>\n\n<p>Quant \u00e0 la palette, ses dimensions sont de 400 x 600 mm. Elle est couramment utilis\u00e9e comme pr\u00e9sentoir de produits dans les grands magasins. <\/p>\n\n<p><strong> <\/strong>Le <strong>tiers de palette mesure 400 x 800 mm<\/strong> et s&rsquo;utilise de la m\u00eame mani\u00e8re qu&rsquo;un quart de palette europ\u00e9en.<\/p>\n\n<p> En raison de la diversit\u00e9 des types de palettes sur le march\u00e9, il est essentiel de savoir pr\u00e9alablement quelles tailles seront les plus courantes dans votre entreprise, car cela d\u00e9terminera le choix du syst\u00e8me de rayonnage et du <a href=\"https:\/\/estanteriasrecord.com\/fr\/blog\/equipements-pour-la-gestion-dentrepots\">mat\u00e9riel de manutention pour la gestion de l&rsquo;entrep\u00f4t<\/a>.<\/p>\n\n<h2 class=\"wp-block-heading\">\u00c9l\u00e9ments \u00e0 prendre en compte lors de l&rsquo;utilisation de palettes<\/h2>\n\n<p> En fonction de l\u2019espace disponible pour le stockage, des marchandises stock\u00e9es et d\u2019autres aspects, il est n\u00e9cessaire d\u2019examiner si<strong> le poids par palette doit \u00eatre limit\u00e9<\/strong>.<\/p>\n\n<ul class=\"wp-block-list\">\n<li>Il est conseill\u00e9 <strong>de toujours laisser les 15 derniers centim\u00e8tres de la palette vides<\/strong> afin de faciliter la manipulation de la charge, notamment lors de son chargement dans le camion, le conteneur, etc. <\/li>\n\n\n\n<li>Hay que <strong>prestar atenci\u00f3n a la altura de los pal\u00e9s<\/strong> (no deben superar los 180 cm de altura)<strong> y su accesibilidad<\/strong>para los operarios encargados de su manipulaci\u00f3n. <\/li>\n\n\n\n<li>Si la <strong>superficie del pal\u00e9 es mayor a la de la carga<\/strong>, pueden ocasionarse <strong>problemas respecto a la estabilidad del conjunto.<\/strong><\/li>\n\n\n\n<li>Si les dimensions des marchandises d\u00e9passent la surface de la palette, cela pourrait endommager la charge. <\/li>\n<\/ul>\n\n<h2 class=\"wp-block-heading\"><strong>Conseils pour le rangement des marchandises palettis\u00e9es<\/strong><\/h2>\n\n<ul>\n  <li>Para evitar movimientos no se debe dejar ning\u00fan hueco entre los elementos cargados en el palet.<\/li>\n  <li>Se deben colocar los palets de forma cruzada para trasladarlos.<\/li>\n  <li>Dans la mesure du possible, la marchandise ne doit pas d\u00e9passer des bords de la palette.<\/li>\n  <li>Si les produits d\u00e9passent, le colis doit \u00eatre emball\u00e9 sous film plastique, afin de garantir la stabilit\u00e9 de la marchandise.<\/li>\n<\/ul>\n\n<p>Si vous avez besoin d&rsquo;aide pour obtenir la meilleure conception et choisir le rayonnage \u00e0 palettes le plus appropri\u00e9 pour votre entrep\u00f4t, Estanter\u00edas Record dispose d&rsquo;un service de <a href=\"https:\/\/estanteriasrecord.comservicios#consultoria-tecnica\">conseil technique<\/a> pour vous aider sur toute question de stockage, de mani\u00e8re totalement gratuite et sans aucune obligation.<\/p>\n\n<p><a href=\"https:\/\/estanteriasrecord.com\/fr\/contact\">Contactez-nous<\/a> d\u00e8s maintenant et commen\u00e7ons \u00e0 concevoir votre entrep\u00f4t.<\/p>\n\n<h2 class=\"wp-block-heading\">Foire aux questions sur les dimensions des palettes<\/h2>\n\n<div class=\"schema-faq wp-block-yoast-faq-block\"><div class=\"schema-faq-section\" id=\"faq-question-1776337372742\"><strong class=\"schema-faq-question\"><strong>Quelles sont les dimensions d&rsquo;une palette europ\u00e9enne ?<\/strong><\/strong> <p class=\"schema-faq-answer\">Les dimensions standard d&rsquo;une palette europ\u00e9enne (ou europalette) sont de 800 x 1200 mm. Ces dimensions sont les plus couramment utilis\u00e9es dans le secteur logistique europ\u00e9en, car elles permettent d&rsquo;optimiser l&rsquo;espace dans les remorques des camions. <\/p> <\/div> <div class=\"schema-faq-section\" id=\"faq-question-1776337377995\"><strong class=\"schema-faq-question\"><strong>Quelles sont les dimensions d&rsquo;une palette am\u00e9ricaine ?<\/strong><\/strong> <p class=\"schema-faq-answer\">Les dimensions de la palette am\u00e9ricaine, \u00e9galement appel\u00e9e palette universelle ou isopallete, sont de 1 000 x 1 200 mm. Cette surface plus large est id\u00e9ale pour le transport de charges industrielles lourdes. <\/p> <\/div> <div class=\"schema-faq-section\" id=\"faq-question-1776337383860\"><strong class=\"schema-faq-question\"><strong>Combien p\u00e8se une palette europ\u00e9enne ?<\/strong><\/strong> <p class=\"schema-faq-answer\">Une palette europ\u00e9enne en bois homologu\u00e9e et portant le logo EPAL p\u00e8se en moyenne 25 kg, tandis que la palette am\u00e9ricaine p\u00e8se environ 30 kg.<\/p> <\/div> <div class=\"schema-faq-section\" id=\"faq-question-1776337391045\"><strong class=\"schema-faq-question\"><strong>Quelles sont les dimensions d&rsquo;une demi-palette ?<\/strong><\/strong> <p class=\"schema-faq-answer\">La demi-palette europ\u00e9enne mesure 600 x 800 mm, soit exactement la moiti\u00e9 de la longueur d&rsquo;une palette europ\u00e9enne standard. Son utilisation est tr\u00e8s r\u00e9pandue dans le secteur de la distribution et l&rsquo;industrie agroalimentaire. <\/p> <\/div> <\/div>\n","protected":false},"excerpt":{"rendered":"<p>Aper\u00e7u rapide des mesures : Palette europ\u00e9enne (Europalette) : 800 x 1 200 mm. Poids : 25 kg. Charge dynamique : 1 500 kg. Palette am\u00e9ricaine (universelle) : 1 000 x 1 200 mm. Poids : 30 kg. Charge dynamique : 1 500 kg. Demi-palette europ\u00e9enne : 600 x 800 mm. Id\u00e9ale pour la distribution [&hellip;]<\/p>\n","protected":false},"author":5,"featured_media":14071,"comment_status":"closed","ping_status":"closed","sticky":false,"template":"","format":"standard","meta":{"_acf_changed":false,"_joinchat":[],"footnotes":""},"categories":[59],"tags":[],"class_list":["post-16874","post","type-post","status-publish","format-standard","has-post-thumbnail","hentry","category-blog-fr"],"acf":[],"yoast_head":"<!-- This site is optimized with the Yoast SEO plugin v27.0 - https:\/\/yoast.com\/product\/yoast-seo-wordpress\/ -->\n<title>Dimensions standard des palettes : dimensions des palettes europ\u00e9ennes et am\u00e9ricaines<\/title>\n<meta name=\"description\" content=\"D\u00e9couvrez les dimensions d&#039;une palette standard. Guide complet pr\u00e9sentant les mesures et dimensions exactes des palettes europ\u00e9ennes, am\u00e9ricaines et de leurs variantes logistiques.\" \/>\n<meta name=\"robots\" content=\"index, follow, max-snippet:-1, max-image-preview:large, max-video-preview:-1\" \/>\n<link rel=\"canonical\" href=\"https:\/\/estanteriasrecord.com\/fr\/blog\/quelles-sont-les-dimensions-standards-des-palettes-de-stocka\" \/>\n<meta property=\"og:locale\" content=\"fr_FR\" \/>\n<meta property=\"og:type\" content=\"article\" \/>\n<meta property=\"og:title\" content=\"Dimensions standard des palettes : dimensions des palettes europ\u00e9ennes et am\u00e9ricaines\" \/>\n<meta property=\"og:description\" content=\"D\u00e9couvrez les dimensions d&#039;une palette standard. Guide complet pr\u00e9sentant les mesures et dimensions exactes des palettes europ\u00e9ennes, am\u00e9ricaines et de leurs variantes logistiques.\" \/>\n<meta property=\"og:url\" content=\"https:\/\/estanteriasrecord.com\/fr\/blog\/quelles-sont-les-dimensions-standards-des-palettes-de-stocka\" \/>\n<meta property=\"og:site_name\" content=\"Estanter\u00edas Record\" \/>\n<meta property=\"article:publisher\" content=\"https:\/\/www.facebook.com\/estanteriasrecord\/\" \/>\n<meta property=\"article:published_time\" content=\"2022-11-10T11:30:55+00:00\" \/>\n<meta property=\"article:modified_time\" content=\"2026-04-16T11:13:48+00:00\" \/>\n<meta property=\"og:image\" content=\"https:\/\/estanteriasrecord.com\/wp-content\/uploads\/2024\/06\/medidas_pale_estanterias_record.jpg\" \/>\n\t<meta property=\"og:image:width\" content=\"1920\" \/>\n\t<meta property=\"og:image:height\" content=\"1088\" \/>\n\t<meta property=\"og:image:type\" content=\"image\/jpeg\" \/>\n<meta name=\"author\" content=\"magical_pro\" \/>\n<meta name=\"twitter:card\" content=\"summary_large_image\" \/>\n<meta name=\"twitter:label1\" content=\"\u00c9crit par\" \/>\n\t<meta name=\"twitter:data1\" content=\"magical_pro\" \/>\n\t<meta name=\"twitter:label2\" content=\"Dur\u00e9e de lecture estim\u00e9e\" \/>\n\t<meta name=\"twitter:data2\" content=\"6 minutes\" \/>\n<script type=\"application\/ld+json\" class=\"yoast-schema-graph\">{\"@context\":\"https:\/\/schema.org\",\"@graph\":[{\"@type\":\"Article\",\"@id\":\"https:\/\/estanteriasrecord.com\/fr\/blog\/quelles-sont-les-dimensions-standards-des-palettes-de-stocka#article\",\"isPartOf\":{\"@id\":\"https:\/\/estanteriasrecord.com\/fr\/blog\/quelles-sont-les-dimensions-standards-des-palettes-de-stocka\"},\"author\":{\"name\":\"magical_pro\",\"@id\":\"https:\/\/estanteriasrecord.com\/fr#\/schema\/person\/c28b4665b86ed0cfcf845c887a67eb4c\"},\"headline\":\"Dimensions standard des palettes pour le stockage logistique\",\"datePublished\":\"2022-11-10T11:30:55+00:00\",\"dateModified\":\"2026-04-16T11:13:48+00:00\",\"mainEntityOfPage\":{\"@id\":\"https:\/\/estanteriasrecord.com\/fr\/blog\/quelles-sont-les-dimensions-standards-des-palettes-de-stocka\"},\"wordCount\":1307,\"publisher\":{\"@id\":\"https:\/\/estanteriasrecord.com\/fr#organization\"},\"image\":{\"@id\":\"https:\/\/estanteriasrecord.com\/fr\/blog\/quelles-sont-les-dimensions-standards-des-palettes-de-stocka#primaryimage\"},\"thumbnailUrl\":\"https:\/\/estanteriasrecord.com\/wp-content\/uploads\/2024\/06\/medidas_pale_estanterias_record.jpg\",\"articleSection\":[\"Blog\"],\"inLanguage\":\"fr-FR\"},{\"@type\":[\"WebPage\",\"FAQPage\"],\"@id\":\"https:\/\/estanteriasrecord.com\/fr\/blog\/quelles-sont-les-dimensions-standards-des-palettes-de-stocka\",\"url\":\"https:\/\/estanteriasrecord.com\/fr\/blog\/quelles-sont-les-dimensions-standards-des-palettes-de-stocka\",\"name\":\"Dimensions standard des palettes : dimensions des palettes europ\u00e9ennes et am\u00e9ricaines\",\"isPartOf\":{\"@id\":\"https:\/\/estanteriasrecord.com\/fr#website\"},\"primaryImageOfPage\":{\"@id\":\"https:\/\/estanteriasrecord.com\/fr\/blog\/quelles-sont-les-dimensions-standards-des-palettes-de-stocka#primaryimage\"},\"image\":{\"@id\":\"https:\/\/estanteriasrecord.com\/fr\/blog\/quelles-sont-les-dimensions-standards-des-palettes-de-stocka#primaryimage\"},\"thumbnailUrl\":\"https:\/\/estanteriasrecord.com\/wp-content\/uploads\/2024\/06\/medidas_pale_estanterias_record.jpg\",\"datePublished\":\"2022-11-10T11:30:55+00:00\",\"dateModified\":\"2026-04-16T11:13:48+00:00\",\"description\":\"D\u00e9couvrez les dimensions d'une palette standard. Guide complet pr\u00e9sentant les mesures et dimensions exactes des palettes europ\u00e9ennes, am\u00e9ricaines et de leurs variantes logistiques.\",\"breadcrumb\":{\"@id\":\"https:\/\/estanteriasrecord.com\/fr\/blog\/quelles-sont-les-dimensions-standards-des-palettes-de-stocka#breadcrumb\"},\"mainEntity\":[{\"@id\":\"https:\/\/estanteriasrecord.com\/fr\/blog\/quelles-sont-les-dimensions-standards-des-palettes-de-stocka#faq-question-1776337372742\"},{\"@id\":\"https:\/\/estanteriasrecord.com\/fr\/blog\/quelles-sont-les-dimensions-standards-des-palettes-de-stocka#faq-question-1776337377995\"},{\"@id\":\"https:\/\/estanteriasrecord.com\/fr\/blog\/quelles-sont-les-dimensions-standards-des-palettes-de-stocka#faq-question-1776337383860\"},{\"@id\":\"https:\/\/estanteriasrecord.com\/fr\/blog\/quelles-sont-les-dimensions-standards-des-palettes-de-stocka#faq-question-1776337391045\"}],\"inLanguage\":\"fr-FR\",\"potentialAction\":[{\"@type\":\"ReadAction\",\"target\":[\"https:\/\/estanteriasrecord.com\/fr\/blog\/quelles-sont-les-dimensions-standards-des-palettes-de-stocka\"]}]},{\"@type\":\"ImageObject\",\"inLanguage\":\"fr-FR\",\"@id\":\"https:\/\/estanteriasrecord.com\/fr\/blog\/quelles-sont-les-dimensions-standards-des-palettes-de-stocka#primaryimage\",\"url\":\"https:\/\/estanteriasrecord.com\/wp-content\/uploads\/2024\/06\/medidas_pale_estanterias_record.jpg\",\"contentUrl\":\"https:\/\/estanteriasrecord.com\/wp-content\/uploads\/2024\/06\/medidas_pale_estanterias_record.jpg\",\"width\":1920,\"height\":1088},{\"@type\":\"BreadcrumbList\",\"@id\":\"https:\/\/estanteriasrecord.com\/fr\/blog\/quelles-sont-les-dimensions-standards-des-palettes-de-stocka#breadcrumb\",\"itemListElement\":[{\"@type\":\"ListItem\",\"position\":1,\"name\":\"Portada\",\"item\":\"https:\/\/estanteriasrecord.com\/fr\/estanterias-record\"},{\"@type\":\"ListItem\",\"position\":2,\"name\":\"Dimensions standard des palettes pour le stockage logistique\"}]},{\"@type\":\"WebSite\",\"@id\":\"https:\/\/estanteriasrecord.com\/fr#website\",\"url\":\"https:\/\/estanteriasrecord.com\/fr\",\"name\":\"Estanter\u00edas Record\",\"description\":\"Sistemas eficientes de almacenamiento\",\"publisher\":{\"@id\":\"https:\/\/estanteriasrecord.com\/fr#organization\"},\"potentialAction\":[{\"@type\":\"SearchAction\",\"target\":{\"@type\":\"EntryPoint\",\"urlTemplate\":\"https:\/\/estanteriasrecord.com\/fr?s={search_term_string}\"},\"query-input\":{\"@type\":\"PropertyValueSpecification\",\"valueRequired\":true,\"valueName\":\"search_term_string\"}}],\"inLanguage\":\"fr-FR\"},{\"@type\":\"Organization\",\"@id\":\"https:\/\/estanteriasrecord.com\/fr#organization\",\"name\":\"Estanter\u00edas Record\",\"url\":\"https:\/\/estanteriasrecord.com\/fr\",\"logo\":{\"@type\":\"ImageObject\",\"inLanguage\":\"fr-FR\",\"@id\":\"https:\/\/estanteriasrecord.com\/fr#\/schema\/logo\/image\/\",\"url\":\"https:\/\/estanteriasrecord.com\/wp-content\/uploads\/2024\/03\/logo_cab_doc.png\",\"contentUrl\":\"https:\/\/estanteriasrecord.com\/wp-content\/uploads\/2024\/03\/logo_cab_doc.png\",\"width\":250,\"height\":119,\"caption\":\"Estanter\u00edas Record\"},\"image\":{\"@id\":\"https:\/\/estanteriasrecord.com\/fr#\/schema\/logo\/image\/\"},\"sameAs\":[\"https:\/\/www.facebook.com\/estanteriasrecord\/\"]},{\"@type\":\"Person\",\"@id\":\"https:\/\/estanteriasrecord.com\/fr#\/schema\/person\/c28b4665b86ed0cfcf845c887a67eb4c\",\"name\":\"magical_pro\",\"image\":{\"@type\":\"ImageObject\",\"inLanguage\":\"fr-FR\",\"@id\":\"https:\/\/estanteriasrecord.com\/fr#\/schema\/person\/image\/\",\"url\":\"https:\/\/secure.gravatar.com\/avatar\/d3f557e3081c5b56eb83c595e7c177c2d80c9d4a7da37300e7785e1bef6fa5fb?s=96&d=mm&r=g\",\"contentUrl\":\"https:\/\/secure.gravatar.com\/avatar\/d3f557e3081c5b56eb83c595e7c177c2d80c9d4a7da37300e7785e1bef6fa5fb?s=96&d=mm&r=g\",\"caption\":\"magical_pro\"},\"url\":\"https:\/\/estanteriasrecord.com\/fr\/blog\/author\/magical_pro\"},{\"@type\":\"Question\",\"@id\":\"https:\/\/estanteriasrecord.com\/fr\/blog\/quelles-sont-les-dimensions-standards-des-palettes-de-stocka#faq-question-1776337372742\",\"position\":1,\"url\":\"https:\/\/estanteriasrecord.com\/fr\/blog\/quelles-sont-les-dimensions-standards-des-palettes-de-stocka#faq-question-1776337372742\",\"name\":\"Quelles sont les dimensions d'une palette europ\u00e9enne ?\",\"answerCount\":1,\"acceptedAnswer\":{\"@type\":\"Answer\",\"text\":\"Les dimensions standard d'une palette europ\u00e9enne (ou europalette) sont de 800 x 1200 mm. Ces dimensions sont les plus couramment utilis\u00e9es dans le secteur logistique europ\u00e9en, car elles permettent d'optimiser l'espace dans les remorques des camions. \",\"inLanguage\":\"fr-FR\"},\"inLanguage\":\"fr-FR\"},{\"@type\":\"Question\",\"@id\":\"https:\/\/estanteriasrecord.com\/fr\/blog\/quelles-sont-les-dimensions-standards-des-palettes-de-stocka#faq-question-1776337377995\",\"position\":2,\"url\":\"https:\/\/estanteriasrecord.com\/fr\/blog\/quelles-sont-les-dimensions-standards-des-palettes-de-stocka#faq-question-1776337377995\",\"name\":\"Quelles sont les dimensions d'une palette am\u00e9ricaine ?\",\"answerCount\":1,\"acceptedAnswer\":{\"@type\":\"Answer\",\"text\":\"Les dimensions de la palette am\u00e9ricaine, \u00e9galement appel\u00e9e palette universelle ou isopallete, sont de 1 000 x 1 200 mm. Cette surface plus large est id\u00e9ale pour le transport de charges industrielles lourdes. \",\"inLanguage\":\"fr-FR\"},\"inLanguage\":\"fr-FR\"},{\"@type\":\"Question\",\"@id\":\"https:\/\/estanteriasrecord.com\/fr\/blog\/quelles-sont-les-dimensions-standards-des-palettes-de-stocka#faq-question-1776337383860\",\"position\":3,\"url\":\"https:\/\/estanteriasrecord.com\/fr\/blog\/quelles-sont-les-dimensions-standards-des-palettes-de-stocka#faq-question-1776337383860\",\"name\":\"Combien p\u00e8se une palette europ\u00e9enne ?\",\"answerCount\":1,\"acceptedAnswer\":{\"@type\":\"Answer\",\"text\":\"Une palette europ\u00e9enne en bois homologu\u00e9e et portant le logo EPAL p\u00e8se en moyenne 25 kg, tandis que la palette am\u00e9ricaine p\u00e8se environ 30 kg.\",\"inLanguage\":\"fr-FR\"},\"inLanguage\":\"fr-FR\"},{\"@type\":\"Question\",\"@id\":\"https:\/\/estanteriasrecord.com\/fr\/blog\/quelles-sont-les-dimensions-standards-des-palettes-de-stocka#faq-question-1776337391045\",\"position\":4,\"url\":\"https:\/\/estanteriasrecord.com\/fr\/blog\/quelles-sont-les-dimensions-standards-des-palettes-de-stocka#faq-question-1776337391045\",\"name\":\"Quelles sont les dimensions d'une demi-palette ?\",\"answerCount\":1,\"acceptedAnswer\":{\"@type\":\"Answer\",\"text\":\"La demi-palette europ\u00e9enne mesure 600 x 800 mm, soit exactement la moiti\u00e9 de la longueur d'une palette europ\u00e9enne standard. Son utilisation est tr\u00e8s r\u00e9pandue dans le secteur de la distribution et l'industrie agroalimentaire. \",\"inLanguage\":\"fr-FR\"},\"inLanguage\":\"fr-FR\"}]}<\/script>\n<!-- \/ Yoast SEO plugin. -->","yoast_head_json":{"title":"Dimensions standard des palettes : dimensions des palettes europ\u00e9ennes et am\u00e9ricaines","description":"D\u00e9couvrez les dimensions d'une palette standard. Guide complet pr\u00e9sentant les mesures et dimensions exactes des palettes europ\u00e9ennes, am\u00e9ricaines et de leurs variantes logistiques.","robots":{"index":"index","follow":"follow","max-snippet":"max-snippet:-1","max-image-preview":"max-image-preview:large","max-video-preview":"max-video-preview:-1"},"canonical":"https:\/\/estanteriasrecord.com\/fr\/blog\/quelles-sont-les-dimensions-standards-des-palettes-de-stocka","og_locale":"fr_FR","og_type":"article","og_title":"Dimensions standard des palettes : dimensions des palettes europ\u00e9ennes et am\u00e9ricaines","og_description":"D\u00e9couvrez les dimensions d'une palette standard. Guide complet pr\u00e9sentant les mesures et dimensions exactes des palettes europ\u00e9ennes, am\u00e9ricaines et de leurs variantes logistiques.","og_url":"https:\/\/estanteriasrecord.com\/fr\/blog\/quelles-sont-les-dimensions-standards-des-palettes-de-stocka","og_site_name":"Estanter\u00edas Record","article_publisher":"https:\/\/www.facebook.com\/estanteriasrecord\/","article_published_time":"2022-11-10T11:30:55+00:00","article_modified_time":"2026-04-16T11:13:48+00:00","og_image":[{"width":1920,"height":1088,"url":"https:\/\/estanteriasrecord.com\/wp-content\/uploads\/2024\/06\/medidas_pale_estanterias_record.jpg","type":"image\/jpeg"}],"author":"magical_pro","twitter_card":"summary_large_image","twitter_misc":{"\u00c9crit par":"magical_pro","Dur\u00e9e de lecture estim\u00e9e":"6 minutes"},"schema":{"@context":"https:\/\/schema.org","@graph":[{"@type":"Article","@id":"https:\/\/estanteriasrecord.com\/fr\/blog\/quelles-sont-les-dimensions-standards-des-palettes-de-stocka#article","isPartOf":{"@id":"https:\/\/estanteriasrecord.com\/fr\/blog\/quelles-sont-les-dimensions-standards-des-palettes-de-stocka"},"author":{"name":"magical_pro","@id":"https:\/\/estanteriasrecord.com\/fr#\/schema\/person\/c28b4665b86ed0cfcf845c887a67eb4c"},"headline":"Dimensions standard des palettes pour le stockage logistique","datePublished":"2022-11-10T11:30:55+00:00","dateModified":"2026-04-16T11:13:48+00:00","mainEntityOfPage":{"@id":"https:\/\/estanteriasrecord.com\/fr\/blog\/quelles-sont-les-dimensions-standards-des-palettes-de-stocka"},"wordCount":1307,"publisher":{"@id":"https:\/\/estanteriasrecord.com\/fr#organization"},"image":{"@id":"https:\/\/estanteriasrecord.com\/fr\/blog\/quelles-sont-les-dimensions-standards-des-palettes-de-stocka#primaryimage"},"thumbnailUrl":"https:\/\/estanteriasrecord.com\/wp-content\/uploads\/2024\/06\/medidas_pale_estanterias_record.jpg","articleSection":["Blog"],"inLanguage":"fr-FR"},{"@type":["WebPage","FAQPage"],"@id":"https:\/\/estanteriasrecord.com\/fr\/blog\/quelles-sont-les-dimensions-standards-des-palettes-de-stocka","url":"https:\/\/estanteriasrecord.com\/fr\/blog\/quelles-sont-les-dimensions-standards-des-palettes-de-stocka","name":"Dimensions standard des palettes : dimensions des palettes europ\u00e9ennes et am\u00e9ricaines","isPartOf":{"@id":"https:\/\/estanteriasrecord.com\/fr#website"},"primaryImageOfPage":{"@id":"https:\/\/estanteriasrecord.com\/fr\/blog\/quelles-sont-les-dimensions-standards-des-palettes-de-stocka#primaryimage"},"image":{"@id":"https:\/\/estanteriasrecord.com\/fr\/blog\/quelles-sont-les-dimensions-standards-des-palettes-de-stocka#primaryimage"},"thumbnailUrl":"https:\/\/estanteriasrecord.com\/wp-content\/uploads\/2024\/06\/medidas_pale_estanterias_record.jpg","datePublished":"2022-11-10T11:30:55+00:00","dateModified":"2026-04-16T11:13:48+00:00","description":"D\u00e9couvrez les dimensions d'une palette standard. Guide complet pr\u00e9sentant les mesures et dimensions exactes des palettes europ\u00e9ennes, am\u00e9ricaines et de leurs variantes logistiques.","breadcrumb":{"@id":"https:\/\/estanteriasrecord.com\/fr\/blog\/quelles-sont-les-dimensions-standards-des-palettes-de-stocka#breadcrumb"},"mainEntity":[{"@id":"https:\/\/estanteriasrecord.com\/fr\/blog\/quelles-sont-les-dimensions-standards-des-palettes-de-stocka#faq-question-1776337372742"},{"@id":"https:\/\/estanteriasrecord.com\/fr\/blog\/quelles-sont-les-dimensions-standards-des-palettes-de-stocka#faq-question-1776337377995"},{"@id":"https:\/\/estanteriasrecord.com\/fr\/blog\/quelles-sont-les-dimensions-standards-des-palettes-de-stocka#faq-question-1776337383860"},{"@id":"https:\/\/estanteriasrecord.com\/fr\/blog\/quelles-sont-les-dimensions-standards-des-palettes-de-stocka#faq-question-1776337391045"}],"inLanguage":"fr-FR","potentialAction":[{"@type":"ReadAction","target":["https:\/\/estanteriasrecord.com\/fr\/blog\/quelles-sont-les-dimensions-standards-des-palettes-de-stocka"]}]},{"@type":"ImageObject","inLanguage":"fr-FR","@id":"https:\/\/estanteriasrecord.com\/fr\/blog\/quelles-sont-les-dimensions-standards-des-palettes-de-stocka#primaryimage","url":"https:\/\/estanteriasrecord.com\/wp-content\/uploads\/2024\/06\/medidas_pale_estanterias_record.jpg","contentUrl":"https:\/\/estanteriasrecord.com\/wp-content\/uploads\/2024\/06\/medidas_pale_estanterias_record.jpg","width":1920,"height":1088},{"@type":"BreadcrumbList","@id":"https:\/\/estanteriasrecord.com\/fr\/blog\/quelles-sont-les-dimensions-standards-des-palettes-de-stocka#breadcrumb","itemListElement":[{"@type":"ListItem","position":1,"name":"Portada","item":"https:\/\/estanteriasrecord.com\/fr\/estanterias-record"},{"@type":"ListItem","position":2,"name":"Dimensions standard des palettes pour le stockage logistique"}]},{"@type":"WebSite","@id":"https:\/\/estanteriasrecord.com\/fr#website","url":"https:\/\/estanteriasrecord.com\/fr","name":"Estanter\u00edas Record","description":"Sistemas eficientes de almacenamiento","publisher":{"@id":"https:\/\/estanteriasrecord.com\/fr#organization"},"potentialAction":[{"@type":"SearchAction","target":{"@type":"EntryPoint","urlTemplate":"https:\/\/estanteriasrecord.com\/fr?s={search_term_string}"},"query-input":{"@type":"PropertyValueSpecification","valueRequired":true,"valueName":"search_term_string"}}],"inLanguage":"fr-FR"},{"@type":"Organization","@id":"https:\/\/estanteriasrecord.com\/fr#organization","name":"Estanter\u00edas Record","url":"https:\/\/estanteriasrecord.com\/fr","logo":{"@type":"ImageObject","inLanguage":"fr-FR","@id":"https:\/\/estanteriasrecord.com\/fr#\/schema\/logo\/image\/","url":"https:\/\/estanteriasrecord.com\/wp-content\/uploads\/2024\/03\/logo_cab_doc.png","contentUrl":"https:\/\/estanteriasrecord.com\/wp-content\/uploads\/2024\/03\/logo_cab_doc.png","width":250,"height":119,"caption":"Estanter\u00edas Record"},"image":{"@id":"https:\/\/estanteriasrecord.com\/fr#\/schema\/logo\/image\/"},"sameAs":["https:\/\/www.facebook.com\/estanteriasrecord\/"]},{"@type":"Person","@id":"https:\/\/estanteriasrecord.com\/fr#\/schema\/person\/c28b4665b86ed0cfcf845c887a67eb4c","name":"magical_pro","image":{"@type":"ImageObject","inLanguage":"fr-FR","@id":"https:\/\/estanteriasrecord.com\/fr#\/schema\/person\/image\/","url":"https:\/\/secure.gravatar.com\/avatar\/d3f557e3081c5b56eb83c595e7c177c2d80c9d4a7da37300e7785e1bef6fa5fb?s=96&d=mm&r=g","contentUrl":"https:\/\/secure.gravatar.com\/avatar\/d3f557e3081c5b56eb83c595e7c177c2d80c9d4a7da37300e7785e1bef6fa5fb?s=96&d=mm&r=g","caption":"magical_pro"},"url":"https:\/\/estanteriasrecord.com\/fr\/blog\/author\/magical_pro"},{"@type":"Question","@id":"https:\/\/estanteriasrecord.com\/fr\/blog\/quelles-sont-les-dimensions-standards-des-palettes-de-stocka#faq-question-1776337372742","position":1,"url":"https:\/\/estanteriasrecord.com\/fr\/blog\/quelles-sont-les-dimensions-standards-des-palettes-de-stocka#faq-question-1776337372742","name":"Quelles sont les dimensions d'une palette europ\u00e9enne ?","answerCount":1,"acceptedAnswer":{"@type":"Answer","text":"Les dimensions standard d'une palette europ\u00e9enne (ou europalette) sont de 800 x 1200 mm. Ces dimensions sont les plus couramment utilis\u00e9es dans le secteur logistique europ\u00e9en, car elles permettent d'optimiser l'espace dans les remorques des camions. ","inLanguage":"fr-FR"},"inLanguage":"fr-FR"},{"@type":"Question","@id":"https:\/\/estanteriasrecord.com\/fr\/blog\/quelles-sont-les-dimensions-standards-des-palettes-de-stocka#faq-question-1776337377995","position":2,"url":"https:\/\/estanteriasrecord.com\/fr\/blog\/quelles-sont-les-dimensions-standards-des-palettes-de-stocka#faq-question-1776337377995","name":"Quelles sont les dimensions d'une palette am\u00e9ricaine ?","answerCount":1,"acceptedAnswer":{"@type":"Answer","text":"Les dimensions de la palette am\u00e9ricaine, \u00e9galement appel\u00e9e palette universelle ou isopallete, sont de 1 000 x 1 200 mm. Cette surface plus large est id\u00e9ale pour le transport de charges industrielles lourdes. ","inLanguage":"fr-FR"},"inLanguage":"fr-FR"},{"@type":"Question","@id":"https:\/\/estanteriasrecord.com\/fr\/blog\/quelles-sont-les-dimensions-standards-des-palettes-de-stocka#faq-question-1776337383860","position":3,"url":"https:\/\/estanteriasrecord.com\/fr\/blog\/quelles-sont-les-dimensions-standards-des-palettes-de-stocka#faq-question-1776337383860","name":"Combien p\u00e8se une palette europ\u00e9enne ?","answerCount":1,"acceptedAnswer":{"@type":"Answer","text":"Une palette europ\u00e9enne en bois homologu\u00e9e et portant le logo EPAL p\u00e8se en moyenne 25 kg, tandis que la palette am\u00e9ricaine p\u00e8se environ 30 kg.","inLanguage":"fr-FR"},"inLanguage":"fr-FR"},{"@type":"Question","@id":"https:\/\/estanteriasrecord.com\/fr\/blog\/quelles-sont-les-dimensions-standards-des-palettes-de-stocka#faq-question-1776337391045","position":4,"url":"https:\/\/estanteriasrecord.com\/fr\/blog\/quelles-sont-les-dimensions-standards-des-palettes-de-stocka#faq-question-1776337391045","name":"Quelles sont les dimensions d'une demi-palette ?","answerCount":1,"acceptedAnswer":{"@type":"Answer","text":"La demi-palette europ\u00e9enne mesure 600 x 800 mm, soit exactement la moiti\u00e9 de la longueur d'une palette europ\u00e9enne standard. Son utilisation est tr\u00e8s r\u00e9pandue dans le secteur de la distribution et l'industrie agroalimentaire. ","inLanguage":"fr-FR"},"inLanguage":"fr-FR"}]}},"_links":{"self":[{"href":"https:\/\/estanteriasrecord.com\/fr\/wp-json\/wp\/v2\/posts\/16874","targetHints":{"allow":["GET"]}}],"collection":[{"href":"https:\/\/estanteriasrecord.com\/fr\/wp-json\/wp\/v2\/posts"}],"about":[{"href":"https:\/\/estanteriasrecord.com\/fr\/wp-json\/wp\/v2\/types\/post"}],"author":[{"embeddable":true,"href":"https:\/\/estanteriasrecord.com\/fr\/wp-json\/wp\/v2\/users\/5"}],"replies":[{"embeddable":true,"href":"https:\/\/estanteriasrecord.com\/fr\/wp-json\/wp\/v2\/comments?post=16874"}],"version-history":[{"count":5,"href":"https:\/\/estanteriasrecord.com\/fr\/wp-json\/wp\/v2\/posts\/16874\/revisions"}],"predecessor-version":[{"id":21962,"href":"https:\/\/estanteriasrecord.com\/fr\/wp-json\/wp\/v2\/posts\/16874\/revisions\/21962"}],"wp:featuredmedia":[{"embeddable":true,"href":"https:\/\/estanteriasrecord.com\/fr\/wp-json\/wp\/v2\/media\/14071"}],"wp:attachment":[{"href":"https:\/\/estanteriasrecord.com\/fr\/wp-json\/wp\/v2\/media?parent=16874"}],"wp:term":[{"taxonomy":"category","embeddable":true,"href":"https:\/\/estanteriasrecord.com\/fr\/wp-json\/wp\/v2\/categories?post=16874"},{"taxonomy":"post_tag","embeddable":true,"href":"https:\/\/estanteriasrecord.com\/fr\/wp-json\/wp\/v2\/tags?post=16874"}],"curies":[{"name":"wp","href":"https:\/\/api.w.org\/{rel}","templated":true}]}}