{"id":17265,"date":"2020-06-16T13:16:37","date_gmt":"2020-06-16T11:16:37","guid":{"rendered":"https:\/\/estanteriasrecord.com\/blog\/les-surcharges-dans-le-stockage-des-palettes"},"modified":"2025-02-24T17:47:05","modified_gmt":"2025-02-24T16:47:05","slug":"les-surcharges-dans-le-stockage-des-palettes","status":"publish","type":"post","link":"https:\/\/estanteriasrecord.com\/fr\/blog\/les-surcharges-dans-le-stockage-des-palettes","title":{"rendered":"LES SURCHARGES DANS LE STOCKAGE DES PALETTES"},"content":{"rendered":"\t\t<div data-elementor-type=\"wp-post\" data-elementor-id=\"17265\" class=\"elementor elementor-17265 elementor-8447\" data-elementor-post-type=\"post\">\n\t\t\t\t<div class=\"elementor-element elementor-element-75b36c81 e-flex e-con-boxed e-con e-parent\" data-id=\"75b36c81\" data-element_type=\"container\" data-e-type=\"container\">\n\t\t\t\t\t<div class=\"e-con-inner\">\n\t\t\t\t<div class=\"elementor-element elementor-element-33b2eee6 elementor-widget elementor-widget-text-editor\" data-id=\"33b2eee6\" data-element_type=\"widget\" data-e-type=\"widget\" data-widget_type=\"text-editor.default\">\n\t\t\t\t<div class=\"elementor-widget-container\">\n\t\t\t\t\t\t\t\t\t<p>Apr\u00e8s nos derniers articles sur les charges palettis\u00e9es, nous allons aujourd&rsquo;hui parler des \u00e9ventuelles surcharges qui peuvent se produire dans le syst\u00e8me de rayonnage \u00e0 palettes classique et de la mani\u00e8re dont elles peuvent affecter sa structure.<\/p>\n<p>Les surcharges courantes se produisent lorsque les unit\u00e9s de charge d\u00e9passent leur poids maximum sp\u00e9cifi\u00e9 au momento de les positionner sur le rayonnage. La situation de risque est \u00e9vidente, puisque la structure n&rsquo;a pas \u00e9t\u00e9 calcul\u00e9e pour supporter cette surcharge ; il existe un danger de d\u00e9formation permanente des lisses, de dommages sur d&rsquo;autres composants du rack, voire m\u00eame d&rsquo;effondrement de celui-ci.<\/p>\n<p>Les surcharges sp\u00e9cifiques, que nous traitons dans cette section, d\u00e9coulent principalement de deux sc\u00e9narios :<\/p>\n<ul>\n<li>Placement incorrect de la charge (surcharge statique)<\/li>\n<li>Pratiques de travail inappropri\u00e9es avec les \u00e9quipements de manutention (surcharges dynamiques)<\/li>\n<\/ul>\n<p>Les cas les plus significatifs des charges statiques sont d\u00e9crits ci-dessous :<\/p>\n<\/p>\n<p><u>Asym\u00e9trie de la charge sur le rayonnage :<\/u><\/p>\n<p>La palette doit \u00eatre charg\u00e9e au centre et sym\u00e9triquement par rapport aux lisses, de sorte qu&rsquo;elle d\u00e9passe de mani\u00e8re \u00e9gale des deux c\u00f4t\u00e9s du niveau de charge. Si cette r\u00e9f\u00e9rence est d\u00e9pass\u00e9e, diff\u00e9rentes tensions se produiront sur les lisses et, si elles sont inconnues en raison de la difficult\u00e9 de contr\u00f4ler le degr\u00e9 de saillie, elles ne pourront pas \u00eatre pond\u00e9r\u00e9es si elles se situent dans les marges de s\u00e9curit\u00e9 en termes de capacit\u00e9 portante de la lisse et de l&rsquo;\u00e9chelle-m\u00eame. Si des mesures correctives ne sont pas prises, la lisse la plus charg\u00e9e subira plus de contraintes et de d\u00e9formations qu&rsquo;elle ne le devrait. De fait, il s&rsquo;agit d&rsquo;une situation potentiellement non s\u00e9curis\u00e9e, \u00e0 moins qu&rsquo;elle n&rsquo;ait \u00e9t\u00e9 consid\u00e9r\u00e9e dans la conception.   <\/p>\n<p>D&rsquo;autre part, cet effet de charges asym\u00e9triques aura un impact n\u00e9gatif sur les largeurs et les tol\u00e9rances de travail de l&rsquo;all\u00e9e.<\/p>\n\t\t\t\t\t\t\t\t<\/div>\n\t\t\t\t<\/div>\n\t\t\t\t<div class=\"elementor-element elementor-element-1bfefd4 elementor-widget elementor-widget-image\" data-id=\"1bfefd4\" data-element_type=\"widget\" data-e-type=\"widget\" data-widget_type=\"image.default\">\n\t\t\t\t<div class=\"elementor-widget-container\">\n\t\t\t\t\t\t\t\t\t\t\t\t\t\t\t<img loading=\"lazy\" decoding=\"async\" loading=\"lazy\" width=\"800\" height=\"519\" src=\"https:\/\/estanteriasrecord.com\/wp-content\/uploads\/2020\/06\/Asimetria-de-la-carga-en-la-estanteria-EsRecord-1592306294.png\" class=\"attachment-large size-large wp-image-17963\" alt=\"\" srcset=\"https:\/\/estanteriasrecord.com\/wp-content\/uploads\/2020\/06\/Asimetria-de-la-carga-en-la-estanteria-EsRecord-1592306294.png 815w, https:\/\/estanteriasrecord.com\/wp-content\/uploads\/2020\/06\/Asimetria-de-la-carga-en-la-estanteria-EsRecord-1592306294-300x195.png 300w, https:\/\/estanteriasrecord.com\/wp-content\/uploads\/2020\/06\/Asimetria-de-la-carga-en-la-estanteria-EsRecord-1592306294-768x498.png 768w, https:\/\/estanteriasrecord.com\/wp-content\/uploads\/2020\/06\/Asimetria-de-la-carga-en-la-estanteria-EsRecord-1592306294-600x389.png 600w\" sizes=\"auto, (max-width: 800px) 100vw, 800px\" \/>\t\t\t\t\t\t\t\t\t\t\t\t\t\t\t<\/div>\n\t\t\t\t<\/div>\n\t\t\t\t<div class=\"elementor-element elementor-element-b8c3908 elementor-widget elementor-widget-text-editor\" data-id=\"b8c3908\" data-element_type=\"widget\" data-e-type=\"widget\" data-widget_type=\"text-editor.default\">\n\t\t\t\t<div class=\"elementor-widget-container\">\n\t\t\t\t\t\t\t\t\t<p>Des surcharges peuvent \u00e9galement survenir en raison d&rsquo;asym\u00e9tries de la charge sur le rayonnage, si des palettes plus petites que la profondeur du niveau sont utilis\u00e9es et sont support\u00e9es de mani\u00e8re d\u00e9centr\u00e9e \u00e0 l&rsquo;aide de traverses ou de surfaces de chargement auxiliaires. Nous illustrons ci-apr\u00e8s cette situation : <\/p>\n\t\t\t\t\t\t\t\t<\/div>\n\t\t\t\t<\/div>\n\t\t\t\t<div class=\"elementor-element elementor-element-6d82821 elementor-widget elementor-widget-image\" data-id=\"6d82821\" data-element_type=\"widget\" data-e-type=\"widget\" data-widget_type=\"image.default\">\n\t\t\t\t<div class=\"elementor-widget-container\">\n\t\t\t\t\t\t\t\t\t\t\t\t\t\t\t<img loading=\"lazy\" decoding=\"async\" loading=\"lazy\" width=\"736\" height=\"504\" src=\"https:\/\/estanteriasrecord.com\/wp-content\/uploads\/2020\/06\/Asimetria-de-la-carga-en-la-estanteria-EsRecord2-EsRecord-1592306354.png\" class=\"attachment-large size-large wp-image-17966\" alt=\"\" srcset=\"https:\/\/estanteriasrecord.com\/wp-content\/uploads\/2020\/06\/Asimetria-de-la-carga-en-la-estanteria-EsRecord2-EsRecord-1592306354.png 736w, https:\/\/estanteriasrecord.com\/wp-content\/uploads\/2020\/06\/Asimetria-de-la-carga-en-la-estanteria-EsRecord2-EsRecord-1592306354-300x205.png 300w, https:\/\/estanteriasrecord.com\/wp-content\/uploads\/2020\/06\/Asimetria-de-la-carga-en-la-estanteria-EsRecord2-EsRecord-1592306354-600x411.png 600w\" sizes=\"auto, (max-width: 736px) 100vw, 736px\" \/>\t\t\t\t\t\t\t\t\t\t\t\t\t\t\t<\/div>\n\t\t\t\t<\/div>\n\t\t\t\t<div class=\"elementor-element elementor-element-4c4f344 elementor-widget elementor-widget-text-editor\" data-id=\"4c4f344\" data-element_type=\"widget\" data-e-type=\"widget\" data-widget_type=\"text-editor.default\">\n\t\t\t\t<div class=\"elementor-widget-container\">\n\t\t\t\t\t\t\t\t\t<p><u>Asym\u00e9trie de la charge sur la palette<\/u><\/p>\n<p>Si les marchandises situ\u00e9es sur la palette ne sont pas r\u00e9parties uniform\u00e9ment, le centre de gravit\u00e9 de la charge se d\u00e9placera de sa position centr\u00e9e optimale entre les deux lisses. Il en r\u00e9sulte que l&rsquo;une des lisses supporte plus de poids que l&rsquo;autre, provoquant les dommages d\u00e9crits dans la section pr\u00e9c\u00e9dente (\u00ab Asym\u00e9trie de la charge sur le rayonnage \u00bb). <\/p>\n\t\t\t\t\t\t\t\t<\/div>\n\t\t\t\t<\/div>\n\t\t\t\t<div class=\"elementor-element elementor-element-62975cc elementor-widget elementor-widget-image\" data-id=\"62975cc\" data-element_type=\"widget\" data-e-type=\"widget\" data-widget_type=\"image.default\">\n\t\t\t\t<div class=\"elementor-widget-container\">\n\t\t\t\t\t\t\t\t\t\t\t\t\t\t\t<img loading=\"lazy\" decoding=\"async\" loading=\"lazy\" width=\"704\" height=\"659\" src=\"https:\/\/estanteriasrecord.com\/wp-content\/uploads\/2020\/06\/Asimetria-de-la-carga-en-la-paleta-EsRecord-1592306419.png\" class=\"attachment-large size-large wp-image-17969\" alt=\"\" srcset=\"https:\/\/estanteriasrecord.com\/wp-content\/uploads\/2020\/06\/Asimetria-de-la-carga-en-la-paleta-EsRecord-1592306419.png 704w, https:\/\/estanteriasrecord.com\/wp-content\/uploads\/2020\/06\/Asimetria-de-la-carga-en-la-paleta-EsRecord-1592306419-300x281.png 300w, https:\/\/estanteriasrecord.com\/wp-content\/uploads\/2020\/06\/Asimetria-de-la-carga-en-la-paleta-EsRecord-1592306419-600x562.png 600w\" sizes=\"auto, (max-width: 704px) 100vw, 704px\" \/>\t\t\t\t\t\t\t\t\t\t\t\t\t\t\t<\/div>\n\t\t\t\t<\/div>\n\t\t\t\t<div class=\"elementor-element elementor-element-743b68c elementor-widget elementor-widget-text-editor\" data-id=\"743b68c\" data-element_type=\"widget\" data-e-type=\"widget\" data-widget_type=\"text-editor.default\">\n\t\t\t\t<div class=\"elementor-widget-container\">\n\t\t\t\t\t\t\t\t\t<p><u>R\u00e9partition irr\u00e9guli\u00e8re sur le niveau<\/u><\/p>\n<p>Si les charges ne sont pas r\u00e9parties uniform\u00e9ment, le rayonnage ne travaillera pas conform\u00e9ment \u00e0 ses sp\u00e9cifications de conception.<\/p>\n<p>Une r\u00e9partition irr\u00e9guli\u00e8re sur le niveau peut se pr\u00e9senter de plusieurs fa\u00e7ons :<\/p>\n<ul>\n<li>Du fait d&rsquo;une r\u00e9partition incorrecte du poids sur la surface du niveau de charge (maintien de la capacit\u00e9 de charge totale du niveau)<\/li>\n<\/ul>\n\t\t\t\t\t\t\t\t<\/div>\n\t\t\t\t<\/div>\n\t\t\t\t<div class=\"elementor-element elementor-element-8f8436d elementor-widget elementor-widget-image\" data-id=\"8f8436d\" data-element_type=\"widget\" data-e-type=\"widget\" data-widget_type=\"image.default\">\n\t\t\t\t<div class=\"elementor-widget-container\">\n\t\t\t\t\t\t\t\t\t\t\t\t\t\t\t<img loading=\"lazy\" decoding=\"async\" loading=\"lazy\" width=\"800\" height=\"267\" src=\"https:\/\/estanteriasrecord.com\/wp-content\/uploads\/2020\/06\/Distribucion-irregular-de-carga-EsRecord-1592306528-1024x342.png\" class=\"attachment-large size-large wp-image-17972\" alt=\"\" srcset=\"https:\/\/estanteriasrecord.com\/wp-content\/uploads\/2020\/06\/Distribucion-irregular-de-carga-EsRecord-1592306528-1024x342.png 1024w, https:\/\/estanteriasrecord.com\/wp-content\/uploads\/2020\/06\/Distribucion-irregular-de-carga-EsRecord-1592306528-300x100.png 300w, https:\/\/estanteriasrecord.com\/wp-content\/uploads\/2020\/06\/Distribucion-irregular-de-carga-EsRecord-1592306528-768x257.png 768w, https:\/\/estanteriasrecord.com\/wp-content\/uploads\/2020\/06\/Distribucion-irregular-de-carga-EsRecord-1592306528-600x201.png 600w, https:\/\/estanteriasrecord.com\/wp-content\/uploads\/2020\/06\/Distribucion-irregular-de-carga-EsRecord-1592306528.png 1101w\" sizes=\"auto, (max-width: 800px) 100vw, 800px\" \/>\t\t\t\t\t\t\t\t\t\t\t\t\t\t\t<\/div>\n\t\t\t\t<\/div>\n\t\t\t\t<div class=\"elementor-element elementor-element-1a3c71e elementor-widget elementor-widget-text-editor\" data-id=\"1a3c71e\" data-element_type=\"widget\" data-e-type=\"widget\" data-widget_type=\"text-editor.default\">\n\t\t\t\t<div class=\"elementor-widget-container\">\n\t\t\t\t\t\t\t\t\t<ul>\n<li>Par concentration de la charge due \u00e0 l&rsquo;approche des palettes \u00e0 la zone centrale des lisses (sans d\u00e9passer la capacit\u00e9 de charge totale du niveau)<\/li>\n<\/ul>\n\t\t\t\t\t\t\t\t<\/div>\n\t\t\t\t<\/div>\n\t\t\t\t<div class=\"elementor-element elementor-element-d4b723d elementor-widget elementor-widget-image\" data-id=\"d4b723d\" data-element_type=\"widget\" data-e-type=\"widget\" data-widget_type=\"image.default\">\n\t\t\t\t<div class=\"elementor-widget-container\">\n\t\t\t\t\t\t\t\t\t\t\t\t\t\t\t<img loading=\"lazy\" decoding=\"async\" loading=\"lazy\" width=\"800\" height=\"244\" src=\"https:\/\/estanteriasrecord.com\/wp-content\/uploads\/2020\/06\/Concentracion-de-carga-EsRecord-1592306568-1024x312.png\" class=\"attachment-large size-large wp-image-17975\" alt=\"\" srcset=\"https:\/\/estanteriasrecord.com\/wp-content\/uploads\/2020\/06\/Concentracion-de-carga-EsRecord-1592306568-1024x312.png 1024w, https:\/\/estanteriasrecord.com\/wp-content\/uploads\/2020\/06\/Concentracion-de-carga-EsRecord-1592306568-300x92.png 300w, https:\/\/estanteriasrecord.com\/wp-content\/uploads\/2020\/06\/Concentracion-de-carga-EsRecord-1592306568-768x234.png 768w, https:\/\/estanteriasrecord.com\/wp-content\/uploads\/2020\/06\/Concentracion-de-carga-EsRecord-1592306568-600x183.png 600w, https:\/\/estanteriasrecord.com\/wp-content\/uploads\/2020\/06\/Concentracion-de-carga-EsRecord-1592306568.png 1088w\" sizes=\"auto, (max-width: 800px) 100vw, 800px\" \/>\t\t\t\t\t\t\t\t\t\t\t\t\t\t\t<\/div>\n\t\t\t\t<\/div>\n\t\t\t\t<div class=\"elementor-element elementor-element-3e3f515 elementor-widget elementor-widget-text-editor\" data-id=\"3e3f515\" data-element_type=\"widget\" data-e-type=\"widget\" data-widget_type=\"text-editor.default\">\n\t\t\t\t<div class=\"elementor-widget-container\">\n\t\t\t\t\t\t\t\t\t<ul>\n<li>Par concentration de la charge due au changement de l&rsquo;unit\u00e9 de charge en soi (maintien ou non de la capacit\u00e9 de charge totale du niveau)<\/li>\n<\/ul>\n\t\t\t\t\t\t\t\t<\/div>\n\t\t\t\t<\/div>\n\t\t\t\t<div class=\"elementor-element elementor-element-8f3bcfd elementor-widget elementor-widget-image\" data-id=\"8f3bcfd\" data-element_type=\"widget\" data-e-type=\"widget\" data-widget_type=\"image.default\">\n\t\t\t\t<div class=\"elementor-widget-container\">\n\t\t\t\t\t\t\t\t\t\t\t\t\t\t\t<img loading=\"lazy\" decoding=\"async\" loading=\"lazy\" width=\"800\" height=\"251\" src=\"https:\/\/estanteriasrecord.com\/wp-content\/uploads\/2020\/06\/Concentracion-de-carga-por-cambio-de-unidad-EsRecord-1592306716-1024x321.png\" class=\"attachment-large size-large wp-image-17978\" alt=\"\" srcset=\"https:\/\/estanteriasrecord.com\/wp-content\/uploads\/2020\/06\/Concentracion-de-carga-por-cambio-de-unidad-EsRecord-1592306716-1024x321.png 1024w, https:\/\/estanteriasrecord.com\/wp-content\/uploads\/2020\/06\/Concentracion-de-carga-por-cambio-de-unidad-EsRecord-1592306716-300x94.png 300w, https:\/\/estanteriasrecord.com\/wp-content\/uploads\/2020\/06\/Concentracion-de-carga-por-cambio-de-unidad-EsRecord-1592306716-768x241.png 768w, https:\/\/estanteriasrecord.com\/wp-content\/uploads\/2020\/06\/Concentracion-de-carga-por-cambio-de-unidad-EsRecord-1592306716-600x188.png 600w, https:\/\/estanteriasrecord.com\/wp-content\/uploads\/2020\/06\/Concentracion-de-carga-por-cambio-de-unidad-EsRecord-1592306716.png 1092w\" sizes=\"auto, (max-width: 800px) 100vw, 800px\" \/>\t\t\t\t\t\t\t\t\t\t\t\t\t\t\t<\/div>\n\t\t\t\t<\/div>\n\t\t\t\t<div class=\"elementor-element elementor-element-f9657e7 elementor-widget elementor-widget-text-editor\" data-id=\"f9657e7\" data-element_type=\"widget\" data-e-type=\"widget\" data-widget_type=\"text-editor.default\">\n\t\t\t\t<div class=\"elementor-widget-container\">\n\t\t\t\t\t\t\t\t\t<ul>\n<li>Utilisation d&rsquo;unit\u00e9s de charge avec des diff\u00e9rences dans les transferts du poids (palettes et bidons ou cylindres).<\/li>\n<\/ul>\n\t\t\t\t\t\t\t\t<\/div>\n\t\t\t\t<\/div>\n\t\t\t\t<div class=\"elementor-element elementor-element-bb1b3cd elementor-widget elementor-widget-image\" data-id=\"bb1b3cd\" data-element_type=\"widget\" data-e-type=\"widget\" data-widget_type=\"image.default\">\n\t\t\t\t<div class=\"elementor-widget-container\">\n\t\t\t\t\t\t\t\t\t\t\t\t\t\t\t<img loading=\"lazy\" decoding=\"async\" loading=\"lazy\" width=\"800\" height=\"216\" src=\"https:\/\/estanteriasrecord.com\/wp-content\/uploads\/2020\/06\/Cargas-diferentes-pesos-1592306747-1024x277.png\" class=\"attachment-large size-large wp-image-17981\" alt=\"\" srcset=\"https:\/\/estanteriasrecord.com\/wp-content\/uploads\/2020\/06\/Cargas-diferentes-pesos-1592306747-1024x277.png 1024w, https:\/\/estanteriasrecord.com\/wp-content\/uploads\/2020\/06\/Cargas-diferentes-pesos-1592306747-300x81.png 300w, https:\/\/estanteriasrecord.com\/wp-content\/uploads\/2020\/06\/Cargas-diferentes-pesos-1592306747-768x208.png 768w, https:\/\/estanteriasrecord.com\/wp-content\/uploads\/2020\/06\/Cargas-diferentes-pesos-1592306747-600x162.png 600w, https:\/\/estanteriasrecord.com\/wp-content\/uploads\/2020\/06\/Cargas-diferentes-pesos-1592306747.png 1121w\" sizes=\"auto, (max-width: 800px) 100vw, 800px\" \/>\t\t\t\t\t\t\t\t\t\t\t\t\t\t\t<\/div>\n\t\t\t\t<\/div>\n\t\t\t\t\t<\/div>\n\t\t\t\t<\/div>\n\t\t\t\t<\/div>\n\t\t","protected":false},"excerpt":{"rendered":"<p>Apr\u00e8s nos derniers articles sur les charges palettis\u00e9es, nous allons aujourd&rsquo;hui parler des \u00e9ventuelles surcharges qui peuvent se produire dans le syst\u00e8me de rayonnage \u00e0 palettes classique et de la mani\u00e8re dont elles peuvent affecter sa structure. Les surcharges courantes se produisent lorsque les unit\u00e9s de charge d\u00e9passent leur poids maximum sp\u00e9cifi\u00e9 au momento de [&hellip;]<\/p>\n","protected":false},"author":5,"featured_media":14025,"comment_status":"closed","ping_status":"closed","sticky":false,"template":"","format":"standard","meta":{"_acf_changed":false,"_joinchat":[],"footnotes":""},"categories":[59],"tags":[],"class_list":["post-17265","post","type-post","status-publish","format-standard","has-post-thumbnail","hentry","category-blog-fr"],"acf":[],"yoast_head":"<!-- This site is optimized with the Yoast SEO plugin v27.0 - https:\/\/yoast.com\/product\/yoast-seo-wordpress\/ -->\n<title>LES SURCHARGES DANS LE STOCKAGE DES PALETTES | Estanter\u00edas Record<\/title>\n<meta name=\"robots\" content=\"index, follow, max-snippet:-1, max-image-preview:large, max-video-preview:-1\" \/>\n<link rel=\"canonical\" href=\"https:\/\/estanteriasrecord.com\/fr\/blog\/les-surcharges-dans-le-stockage-des-palettes\" \/>\n<meta property=\"og:locale\" content=\"fr_FR\" \/>\n<meta property=\"og:type\" content=\"article\" \/>\n<meta property=\"og:title\" content=\"LES SURCHARGES DANS LE STOCKAGE DES PALETTES | Estanter\u00edas Record\" \/>\n<meta property=\"og:description\" content=\"Apr\u00e8s nos derniers articles sur les charges palettis\u00e9es, nous allons aujourd&rsquo;hui parler des \u00e9ventuelles surcharges qui peuvent se produire dans le syst\u00e8me de rayonnage \u00e0 palettes classique et de la mani\u00e8re dont elles peuvent affecter sa structure. Les surcharges courantes se produisent lorsque les unit\u00e9s de charge d\u00e9passent leur poids maximum sp\u00e9cifi\u00e9 au momento de [&hellip;]\" \/>\n<meta property=\"og:url\" content=\"https:\/\/estanteriasrecord.com\/fr\/blog\/les-surcharges-dans-le-stockage-des-palettes\" \/>\n<meta property=\"og:site_name\" content=\"Estanter\u00edas Record\" \/>\n<meta property=\"article:publisher\" content=\"https:\/\/www.facebook.com\/estanteriasrecord\/\" \/>\n<meta property=\"article:published_time\" content=\"2020-06-16T11:16:37+00:00\" \/>\n<meta property=\"article:modified_time\" content=\"2025-02-24T16:47:05+00:00\" \/>\n<meta property=\"og:image\" content=\"https:\/\/estanteriasrecord.com\/wp-content\/uploads\/2024\/06\/deformacion_larguero_esrecord.jpg\" \/>\n\t<meta property=\"og:image:width\" content=\"1920\" \/>\n\t<meta property=\"og:image:height\" content=\"1080\" \/>\n\t<meta property=\"og:image:type\" content=\"image\/jpeg\" \/>\n<meta name=\"author\" content=\"magical_pro\" \/>\n<meta name=\"twitter:card\" content=\"summary_large_image\" \/>\n<meta name=\"twitter:label1\" content=\"\u00c9crit par\" \/>\n\t<meta name=\"twitter:data1\" content=\"magical_pro\" \/>\n\t<meta name=\"twitter:label2\" content=\"Dur\u00e9e de lecture estim\u00e9e\" \/>\n\t<meta name=\"twitter:data2\" content=\"3 minutes\" \/>\n<script type=\"application\/ld+json\" class=\"yoast-schema-graph\">{\"@context\":\"https:\/\/schema.org\",\"@graph\":[{\"@type\":\"Article\",\"@id\":\"https:\/\/estanteriasrecord.com\/fr\/blog\/les-surcharges-dans-le-stockage-des-palettes#article\",\"isPartOf\":{\"@id\":\"https:\/\/estanteriasrecord.com\/fr\/blog\/les-surcharges-dans-le-stockage-des-palettes\"},\"author\":{\"name\":\"magical_pro\",\"@id\":\"https:\/\/estanteriasrecord.com\/fr#\/schema\/person\/c28b4665b86ed0cfcf845c887a67eb4c\"},\"headline\":\"LES SURCHARGES DANS LE STOCKAGE DES PALETTES\",\"datePublished\":\"2020-06-16T11:16:37+00:00\",\"dateModified\":\"2025-02-24T16:47:05+00:00\",\"mainEntityOfPage\":{\"@id\":\"https:\/\/estanteriasrecord.com\/fr\/blog\/les-surcharges-dans-le-stockage-des-palettes\"},\"wordCount\":628,\"publisher\":{\"@id\":\"https:\/\/estanteriasrecord.com\/fr#organization\"},\"image\":{\"@id\":\"https:\/\/estanteriasrecord.com\/fr\/blog\/les-surcharges-dans-le-stockage-des-palettes#primaryimage\"},\"thumbnailUrl\":\"https:\/\/estanteriasrecord.com\/wp-content\/uploads\/2024\/06\/deformacion_larguero_esrecord.jpg\",\"articleSection\":[\"Blog\"],\"inLanguage\":\"fr-FR\"},{\"@type\":\"WebPage\",\"@id\":\"https:\/\/estanteriasrecord.com\/fr\/blog\/les-surcharges-dans-le-stockage-des-palettes\",\"url\":\"https:\/\/estanteriasrecord.com\/fr\/blog\/les-surcharges-dans-le-stockage-des-palettes\",\"name\":\"LES SURCHARGES DANS LE STOCKAGE DES PALETTES | Estanter\u00edas Record\",\"isPartOf\":{\"@id\":\"https:\/\/estanteriasrecord.com\/fr#website\"},\"primaryImageOfPage\":{\"@id\":\"https:\/\/estanteriasrecord.com\/fr\/blog\/les-surcharges-dans-le-stockage-des-palettes#primaryimage\"},\"image\":{\"@id\":\"https:\/\/estanteriasrecord.com\/fr\/blog\/les-surcharges-dans-le-stockage-des-palettes#primaryimage\"},\"thumbnailUrl\":\"https:\/\/estanteriasrecord.com\/wp-content\/uploads\/2024\/06\/deformacion_larguero_esrecord.jpg\",\"datePublished\":\"2020-06-16T11:16:37+00:00\",\"dateModified\":\"2025-02-24T16:47:05+00:00\",\"breadcrumb\":{\"@id\":\"https:\/\/estanteriasrecord.com\/fr\/blog\/les-surcharges-dans-le-stockage-des-palettes#breadcrumb\"},\"inLanguage\":\"fr-FR\",\"potentialAction\":[{\"@type\":\"ReadAction\",\"target\":[\"https:\/\/estanteriasrecord.com\/fr\/blog\/les-surcharges-dans-le-stockage-des-palettes\"]}]},{\"@type\":\"ImageObject\",\"inLanguage\":\"fr-FR\",\"@id\":\"https:\/\/estanteriasrecord.com\/fr\/blog\/les-surcharges-dans-le-stockage-des-palettes#primaryimage\",\"url\":\"https:\/\/estanteriasrecord.com\/wp-content\/uploads\/2024\/06\/deformacion_larguero_esrecord.jpg\",\"contentUrl\":\"https:\/\/estanteriasrecord.com\/wp-content\/uploads\/2024\/06\/deformacion_larguero_esrecord.jpg\",\"width\":1920,\"height\":1080},{\"@type\":\"BreadcrumbList\",\"@id\":\"https:\/\/estanteriasrecord.com\/fr\/blog\/les-surcharges-dans-le-stockage-des-palettes#breadcrumb\",\"itemListElement\":[{\"@type\":\"ListItem\",\"position\":1,\"name\":\"Portada\",\"item\":\"https:\/\/estanteriasrecord.com\/fr\/estanterias-record\"},{\"@type\":\"ListItem\",\"position\":2,\"name\":\"LES SURCHARGES DANS LE STOCKAGE DES PALETTES\"}]},{\"@type\":\"WebSite\",\"@id\":\"https:\/\/estanteriasrecord.com\/fr#website\",\"url\":\"https:\/\/estanteriasrecord.com\/fr\",\"name\":\"Estanter\u00edas Record\",\"description\":\"Sistemas eficientes de almacenamiento\",\"publisher\":{\"@id\":\"https:\/\/estanteriasrecord.com\/fr#organization\"},\"potentialAction\":[{\"@type\":\"SearchAction\",\"target\":{\"@type\":\"EntryPoint\",\"urlTemplate\":\"https:\/\/estanteriasrecord.com\/fr?s={search_term_string}\"},\"query-input\":{\"@type\":\"PropertyValueSpecification\",\"valueRequired\":true,\"valueName\":\"search_term_string\"}}],\"inLanguage\":\"fr-FR\"},{\"@type\":\"Organization\",\"@id\":\"https:\/\/estanteriasrecord.com\/fr#organization\",\"name\":\"Estanter\u00edas Record\",\"url\":\"https:\/\/estanteriasrecord.com\/fr\",\"logo\":{\"@type\":\"ImageObject\",\"inLanguage\":\"fr-FR\",\"@id\":\"https:\/\/estanteriasrecord.com\/fr#\/schema\/logo\/image\/\",\"url\":\"https:\/\/estanteriasrecord.com\/wp-content\/uploads\/2024\/03\/logo_cab_doc.png\",\"contentUrl\":\"https:\/\/estanteriasrecord.com\/wp-content\/uploads\/2024\/03\/logo_cab_doc.png\",\"width\":250,\"height\":119,\"caption\":\"Estanter\u00edas Record\"},\"image\":{\"@id\":\"https:\/\/estanteriasrecord.com\/fr#\/schema\/logo\/image\/\"},\"sameAs\":[\"https:\/\/www.facebook.com\/estanteriasrecord\/\"]},{\"@type\":\"Person\",\"@id\":\"https:\/\/estanteriasrecord.com\/fr#\/schema\/person\/c28b4665b86ed0cfcf845c887a67eb4c\",\"name\":\"magical_pro\",\"image\":{\"@type\":\"ImageObject\",\"inLanguage\":\"fr-FR\",\"@id\":\"https:\/\/estanteriasrecord.com\/fr#\/schema\/person\/image\/\",\"url\":\"https:\/\/secure.gravatar.com\/avatar\/d3f557e3081c5b56eb83c595e7c177c2d80c9d4a7da37300e7785e1bef6fa5fb?s=96&d=mm&r=g\",\"contentUrl\":\"https:\/\/secure.gravatar.com\/avatar\/d3f557e3081c5b56eb83c595e7c177c2d80c9d4a7da37300e7785e1bef6fa5fb?s=96&d=mm&r=g\",\"caption\":\"magical_pro\"},\"url\":\"https:\/\/estanteriasrecord.com\/fr\/blog\/author\/magical_pro\"}]}<\/script>\n<!-- \/ Yoast SEO plugin. -->","yoast_head_json":{"title":"LES SURCHARGES DANS LE STOCKAGE DES PALETTES | Estanter\u00edas Record","robots":{"index":"index","follow":"follow","max-snippet":"max-snippet:-1","max-image-preview":"max-image-preview:large","max-video-preview":"max-video-preview:-1"},"canonical":"https:\/\/estanteriasrecord.com\/fr\/blog\/les-surcharges-dans-le-stockage-des-palettes","og_locale":"fr_FR","og_type":"article","og_title":"LES SURCHARGES DANS LE STOCKAGE DES PALETTES | Estanter\u00edas Record","og_description":"Apr\u00e8s nos derniers articles sur les charges palettis\u00e9es, nous allons aujourd&rsquo;hui parler des \u00e9ventuelles surcharges qui peuvent se produire dans le syst\u00e8me de rayonnage \u00e0 palettes classique et de la mani\u00e8re dont elles peuvent affecter sa structure. Les surcharges courantes se produisent lorsque les unit\u00e9s de charge d\u00e9passent leur poids maximum sp\u00e9cifi\u00e9 au momento de [&hellip;]","og_url":"https:\/\/estanteriasrecord.com\/fr\/blog\/les-surcharges-dans-le-stockage-des-palettes","og_site_name":"Estanter\u00edas Record","article_publisher":"https:\/\/www.facebook.com\/estanteriasrecord\/","article_published_time":"2020-06-16T11:16:37+00:00","article_modified_time":"2025-02-24T16:47:05+00:00","og_image":[{"width":1920,"height":1080,"url":"https:\/\/estanteriasrecord.com\/wp-content\/uploads\/2024\/06\/deformacion_larguero_esrecord.jpg","type":"image\/jpeg"}],"author":"magical_pro","twitter_card":"summary_large_image","twitter_misc":{"\u00c9crit par":"magical_pro","Dur\u00e9e de lecture estim\u00e9e":"3 minutes"},"schema":{"@context":"https:\/\/schema.org","@graph":[{"@type":"Article","@id":"https:\/\/estanteriasrecord.com\/fr\/blog\/les-surcharges-dans-le-stockage-des-palettes#article","isPartOf":{"@id":"https:\/\/estanteriasrecord.com\/fr\/blog\/les-surcharges-dans-le-stockage-des-palettes"},"author":{"name":"magical_pro","@id":"https:\/\/estanteriasrecord.com\/fr#\/schema\/person\/c28b4665b86ed0cfcf845c887a67eb4c"},"headline":"LES SURCHARGES DANS LE STOCKAGE DES PALETTES","datePublished":"2020-06-16T11:16:37+00:00","dateModified":"2025-02-24T16:47:05+00:00","mainEntityOfPage":{"@id":"https:\/\/estanteriasrecord.com\/fr\/blog\/les-surcharges-dans-le-stockage-des-palettes"},"wordCount":628,"publisher":{"@id":"https:\/\/estanteriasrecord.com\/fr#organization"},"image":{"@id":"https:\/\/estanteriasrecord.com\/fr\/blog\/les-surcharges-dans-le-stockage-des-palettes#primaryimage"},"thumbnailUrl":"https:\/\/estanteriasrecord.com\/wp-content\/uploads\/2024\/06\/deformacion_larguero_esrecord.jpg","articleSection":["Blog"],"inLanguage":"fr-FR"},{"@type":"WebPage","@id":"https:\/\/estanteriasrecord.com\/fr\/blog\/les-surcharges-dans-le-stockage-des-palettes","url":"https:\/\/estanteriasrecord.com\/fr\/blog\/les-surcharges-dans-le-stockage-des-palettes","name":"LES SURCHARGES DANS LE STOCKAGE DES PALETTES | Estanter\u00edas Record","isPartOf":{"@id":"https:\/\/estanteriasrecord.com\/fr#website"},"primaryImageOfPage":{"@id":"https:\/\/estanteriasrecord.com\/fr\/blog\/les-surcharges-dans-le-stockage-des-palettes#primaryimage"},"image":{"@id":"https:\/\/estanteriasrecord.com\/fr\/blog\/les-surcharges-dans-le-stockage-des-palettes#primaryimage"},"thumbnailUrl":"https:\/\/estanteriasrecord.com\/wp-content\/uploads\/2024\/06\/deformacion_larguero_esrecord.jpg","datePublished":"2020-06-16T11:16:37+00:00","dateModified":"2025-02-24T16:47:05+00:00","breadcrumb":{"@id":"https:\/\/estanteriasrecord.com\/fr\/blog\/les-surcharges-dans-le-stockage-des-palettes#breadcrumb"},"inLanguage":"fr-FR","potentialAction":[{"@type":"ReadAction","target":["https:\/\/estanteriasrecord.com\/fr\/blog\/les-surcharges-dans-le-stockage-des-palettes"]}]},{"@type":"ImageObject","inLanguage":"fr-FR","@id":"https:\/\/estanteriasrecord.com\/fr\/blog\/les-surcharges-dans-le-stockage-des-palettes#primaryimage","url":"https:\/\/estanteriasrecord.com\/wp-content\/uploads\/2024\/06\/deformacion_larguero_esrecord.jpg","contentUrl":"https:\/\/estanteriasrecord.com\/wp-content\/uploads\/2024\/06\/deformacion_larguero_esrecord.jpg","width":1920,"height":1080},{"@type":"BreadcrumbList","@id":"https:\/\/estanteriasrecord.com\/fr\/blog\/les-surcharges-dans-le-stockage-des-palettes#breadcrumb","itemListElement":[{"@type":"ListItem","position":1,"name":"Portada","item":"https:\/\/estanteriasrecord.com\/fr\/estanterias-record"},{"@type":"ListItem","position":2,"name":"LES SURCHARGES DANS LE STOCKAGE DES PALETTES"}]},{"@type":"WebSite","@id":"https:\/\/estanteriasrecord.com\/fr#website","url":"https:\/\/estanteriasrecord.com\/fr","name":"Estanter\u00edas Record","description":"Sistemas eficientes de almacenamiento","publisher":{"@id":"https:\/\/estanteriasrecord.com\/fr#organization"},"potentialAction":[{"@type":"SearchAction","target":{"@type":"EntryPoint","urlTemplate":"https:\/\/estanteriasrecord.com\/fr?s={search_term_string}"},"query-input":{"@type":"PropertyValueSpecification","valueRequired":true,"valueName":"search_term_string"}}],"inLanguage":"fr-FR"},{"@type":"Organization","@id":"https:\/\/estanteriasrecord.com\/fr#organization","name":"Estanter\u00edas Record","url":"https:\/\/estanteriasrecord.com\/fr","logo":{"@type":"ImageObject","inLanguage":"fr-FR","@id":"https:\/\/estanteriasrecord.com\/fr#\/schema\/logo\/image\/","url":"https:\/\/estanteriasrecord.com\/wp-content\/uploads\/2024\/03\/logo_cab_doc.png","contentUrl":"https:\/\/estanteriasrecord.com\/wp-content\/uploads\/2024\/03\/logo_cab_doc.png","width":250,"height":119,"caption":"Estanter\u00edas Record"},"image":{"@id":"https:\/\/estanteriasrecord.com\/fr#\/schema\/logo\/image\/"},"sameAs":["https:\/\/www.facebook.com\/estanteriasrecord\/"]},{"@type":"Person","@id":"https:\/\/estanteriasrecord.com\/fr#\/schema\/person\/c28b4665b86ed0cfcf845c887a67eb4c","name":"magical_pro","image":{"@type":"ImageObject","inLanguage":"fr-FR","@id":"https:\/\/estanteriasrecord.com\/fr#\/schema\/person\/image\/","url":"https:\/\/secure.gravatar.com\/avatar\/d3f557e3081c5b56eb83c595e7c177c2d80c9d4a7da37300e7785e1bef6fa5fb?s=96&d=mm&r=g","contentUrl":"https:\/\/secure.gravatar.com\/avatar\/d3f557e3081c5b56eb83c595e7c177c2d80c9d4a7da37300e7785e1bef6fa5fb?s=96&d=mm&r=g","caption":"magical_pro"},"url":"https:\/\/estanteriasrecord.com\/fr\/blog\/author\/magical_pro"}]}},"_links":{"self":[{"href":"https:\/\/estanteriasrecord.com\/fr\/wp-json\/wp\/v2\/posts\/17265","targetHints":{"allow":["GET"]}}],"collection":[{"href":"https:\/\/estanteriasrecord.com\/fr\/wp-json\/wp\/v2\/posts"}],"about":[{"href":"https:\/\/estanteriasrecord.com\/fr\/wp-json\/wp\/v2\/types\/post"}],"author":[{"embeddable":true,"href":"https:\/\/estanteriasrecord.com\/fr\/wp-json\/wp\/v2\/users\/5"}],"replies":[{"embeddable":true,"href":"https:\/\/estanteriasrecord.com\/fr\/wp-json\/wp\/v2\/comments?post=17265"}],"version-history":[{"count":2,"href":"https:\/\/estanteriasrecord.com\/fr\/wp-json\/wp\/v2\/posts\/17265\/revisions"}],"predecessor-version":[{"id":17985,"href":"https:\/\/estanteriasrecord.com\/fr\/wp-json\/wp\/v2\/posts\/17265\/revisions\/17985"}],"wp:featuredmedia":[{"embeddable":true,"href":"https:\/\/estanteriasrecord.com\/fr\/wp-json\/wp\/v2\/media\/14025"}],"wp:attachment":[{"href":"https:\/\/estanteriasrecord.com\/fr\/wp-json\/wp\/v2\/media?parent=17265"}],"wp:term":[{"taxonomy":"category","embeddable":true,"href":"https:\/\/estanteriasrecord.com\/fr\/wp-json\/wp\/v2\/categories?post=17265"},{"taxonomy":"post_tag","embeddable":true,"href":"https:\/\/estanteriasrecord.com\/fr\/wp-json\/wp\/v2\/tags?post=17265"}],"curies":[{"name":"wp","href":"https:\/\/api.w.org\/{rel}","templated":true}]}}