{"id":17267,"date":"2020-07-07T12:40:55","date_gmt":"2020-07-07T10:40:55","guid":{"rendered":"https:\/\/estanteriasrecord.com\/blog\/les-surcharges-dynamiques-dans-les-rayonnages"},"modified":"2025-02-24T17:46:47","modified_gmt":"2025-02-24T16:46:47","slug":"les-surcharges-dynamiques-dans-les-rayonnages","status":"publish","type":"post","link":"https:\/\/estanteriasrecord.com\/fr\/blog\/les-surcharges-dynamiques-dans-les-rayonnages","title":{"rendered":"LES SURCHARGES DYNAMIQUES DANS LES RAYONNAGES"},"content":{"rendered":"\t\t<div data-elementor-type=\"wp-post\" data-elementor-id=\"17267\" class=\"elementor elementor-17267 elementor-8449\" data-elementor-post-type=\"post\">\n\t\t\t\t<div class=\"elementor-element elementor-element-2ae4bbc3 e-flex e-con-boxed e-con e-parent\" data-id=\"2ae4bbc3\" data-element_type=\"container\" data-e-type=\"container\">\n\t\t\t\t\t<div class=\"e-con-inner\">\n\t\t\t\t<div class=\"elementor-element elementor-element-2e2f20f6 elementor-widget elementor-widget-text-editor\" data-id=\"2e2f20f6\" data-element_type=\"widget\" data-e-type=\"widget\" data-widget_type=\"text-editor.default\">\n\t\t\t\t<div class=\"elementor-widget-container\">\n\t\t\t\t\t\t\t\t\t<p>Lors de notre <a title=\"Surcharges statiques\" href=\"https:\/\/estanteriasrecord.com\/fr\/blog\/les-surcharges-dans-le-stockage-des-palettes\">article pr\u00e9c\u00e9dent,<\/a> nous d\u00e9crivions les diff\u00e9rentes surcharges statiques que l&rsquo;on peut trouver dans un stockage sur palettes.<\/p>\n<p>Cette fois, nous allons d\u00e9tailler quelles sont les surcharges dynamiques qui peuvent \u00eatre produites en raison de pratiques inad\u00e9quates avec les \u00e9quipements de manutention.<\/p>\n<p><strong>Descente brusque de la charge<\/strong><\/p>\n<p>Si l&rsquo;unit\u00e9 de charge est violemment plac\u00e9e sur les lisses, l&rsquo;impact peut causer des dommages importants aux lisses et au rayonnage lui-m\u00eame de sorte qu&rsquo;il diminue ou perd sa capacit\u00e9 portante.<\/p>\n\t\t\t\t\t\t\t\t<\/div>\n\t\t\t\t<\/div>\n\t\t\t\t<div class=\"elementor-element elementor-element-ac176a1 elementor-widget elementor-widget-image\" data-id=\"ac176a1\" data-element_type=\"widget\" data-e-type=\"widget\" data-widget_type=\"image.default\">\n\t\t\t\t<div class=\"elementor-widget-container\">\n\t\t\t\t\t\t\t\t\t\t\t\t\t\t\t<img loading=\"lazy\" decoding=\"async\" loading=\"lazy\" width=\"561\" height=\"425\" src=\"https:\/\/estanteriasrecord.com\/wp-content\/uploads\/2024\/06\/Descenso-brusco-de-la-carga-1594118417.png\" class=\"attachment-large size-large wp-image-13915\" alt=\"\" srcset=\"https:\/\/estanteriasrecord.com\/wp-content\/uploads\/2024\/06\/Descenso-brusco-de-la-carga-1594118417.png 561w, https:\/\/estanteriasrecord.com\/wp-content\/uploads\/2024\/06\/Descenso-brusco-de-la-carga-1594118417-300x227.png 300w\" sizes=\"auto, (max-width: 561px) 100vw, 561px\" \/>\t\t\t\t\t\t\t\t\t\t\t\t\t\t\t<\/div>\n\t\t\t\t<\/div>\n\t\t\t\t<div class=\"elementor-element elementor-element-4afb094 elementor-widget elementor-widget-text-editor\" data-id=\"4afb094\" data-element_type=\"widget\" data-e-type=\"widget\" data-widget_type=\"text-editor.default\">\n\t\t\t\t<div class=\"elementor-widget-container\">\n\t\t\t\t\t\t\t\t\t<p>Une surcharge peut entra\u00eener une d\u00e9formation permanente de la lisse et la perte de ses conditions de portance.<\/p>\n<p><strong>\u00c9l\u00e9vation brusque de la charge<\/strong><\/p>\n<p>L&rsquo;unit\u00e9 de charge peut heurter la lisse sup\u00e9rieure, l&rsquo;endommager et\/ou la d\u00e9loger du montant et faire tomber des marchandises. Si l&rsquo;impact n&rsquo;est pas trop fort, les boulons de s\u00e9curit\u00e9 l&#8217;emp\u00eacheront de sortir de son emplacement des montants des \u00e9chelles. <\/p>\n\t\t\t\t\t\t\t\t<\/div>\n\t\t\t\t<\/div>\n\t\t\t\t<div class=\"elementor-element elementor-element-e27b8cd elementor-widget elementor-widget-image\" data-id=\"e27b8cd\" data-element_type=\"widget\" data-e-type=\"widget\" data-widget_type=\"image.default\">\n\t\t\t\t<div class=\"elementor-widget-container\">\n\t\t\t\t\t\t\t\t\t\t\t\t\t\t\t<img loading=\"lazy\" decoding=\"async\" loading=\"lazy\" width=\"600\" height=\"497\" src=\"https:\/\/estanteriasrecord.com\/wp-content\/uploads\/2025\/02\/Elevacion-brusca-de-la-carga_-1594118547.png\" class=\"attachment-large size-large wp-image-17952\" alt=\"\" srcset=\"https:\/\/estanteriasrecord.com\/wp-content\/uploads\/2025\/02\/Elevacion-brusca-de-la-carga_-1594118547.png 600w, https:\/\/estanteriasrecord.com\/wp-content\/uploads\/2025\/02\/Elevacion-brusca-de-la-carga_-1594118547-300x249.png 300w\" sizes=\"auto, (max-width: 600px) 100vw, 600px\" \/>\t\t\t\t\t\t\t\t\t\t\t\t\t\t\t<\/div>\n\t\t\t\t<\/div>\n\t\t\t\t<div class=\"elementor-element elementor-element-e7e2b29 elementor-widget elementor-widget-text-editor\" data-id=\"e7e2b29\" data-element_type=\"widget\" data-e-type=\"widget\" data-widget_type=\"text-editor.default\">\n\t\t\t\t<div class=\"elementor-widget-container\">\n\t\t\t\t\t\t\t\t\t<p><strong>Descente et positionnement non horizontal de la charge<\/strong><\/p>\n<p>Si l&rsquo;unit\u00e9 de charge descend de fa\u00e7on d\u00e9nivel\u00e9e, une des lisses sera soumise \u00e0 une forte surcharge lorsqu&rsquo;elle recevra le poids total de la palette pendant un certain temps. Cet effort excessif peut entra\u00eener une d\u00e9formation permanente de la lisse et la perte de ses conditions de portance. <\/p>\n\t\t\t\t\t\t\t\t<\/div>\n\t\t\t\t<\/div>\n\t\t\t\t<div class=\"elementor-element elementor-element-e00df52 elementor-widget elementor-widget-image\" data-id=\"e00df52\" data-element_type=\"widget\" data-e-type=\"widget\" data-widget_type=\"image.default\">\n\t\t\t\t<div class=\"elementor-widget-container\">\n\t\t\t\t\t\t\t\t\t\t\t\t\t\t\t<img loading=\"lazy\" decoding=\"async\" loading=\"lazy\" width=\"800\" height=\"348\" src=\"https:\/\/estanteriasrecord.com\/wp-content\/uploads\/2025\/02\/Descenso-y-posado-no-horizontal-de-la-carga-1594118610.png\" class=\"attachment-large size-large wp-image-17949\" alt=\"\" srcset=\"https:\/\/estanteriasrecord.com\/wp-content\/uploads\/2025\/02\/Descenso-y-posado-no-horizontal-de-la-carga-1594118610.png 931w, https:\/\/estanteriasrecord.com\/wp-content\/uploads\/2025\/02\/Descenso-y-posado-no-horizontal-de-la-carga-1594118610-300x131.png 300w, https:\/\/estanteriasrecord.com\/wp-content\/uploads\/2025\/02\/Descenso-y-posado-no-horizontal-de-la-carga-1594118610-768x334.png 768w, https:\/\/estanteriasrecord.com\/wp-content\/uploads\/2025\/02\/Descenso-y-posado-no-horizontal-de-la-carga-1594118610-600x261.png 600w\" sizes=\"auto, (max-width: 800px) 100vw, 800px\" \/>\t\t\t\t\t\t\t\t\t\t\t\t\t\t\t<\/div>\n\t\t\t\t<\/div>\n\t\t\t\t<div class=\"elementor-element elementor-element-71f1dae elementor-widget elementor-widget-text-editor\" data-id=\"71f1dae\" data-element_type=\"widget\" data-e-type=\"widget\" data-widget_type=\"text-editor.default\">\n\t\t\t\t<div class=\"elementor-widget-container\">\n\t\t\t\t\t\t\t\t\t<p><strong>Entra\u00eenement ou pouss\u00e9e horizontale en positionnant la charge<\/strong><\/p>\n<p>Lorsqu&rsquo;une palette est pouss\u00e9e ou tra\u00een\u00e9e alors qu&rsquo;elle est appuy\u00e9e sur les lisses (pour la centrer sur le niveau, par exemple), une grande force de frottement horizontale est g\u00e9n\u00e9r\u00e9e pouvant faire tourner les lisses et compromettre la verticalit\u00e9 du rayonnage.<\/p>\n\t\t\t\t\t\t\t\t<\/div>\n\t\t\t\t<\/div>\n\t\t\t\t<div class=\"elementor-element elementor-element-c4a24b8 elementor-widget elementor-widget-image\" data-id=\"c4a24b8\" data-element_type=\"widget\" data-e-type=\"widget\" data-widget_type=\"image.default\">\n\t\t\t\t<div class=\"elementor-widget-container\">\n\t\t\t\t\t\t\t\t\t\t\t\t\t\t\t<img loading=\"lazy\" decoding=\"async\" loading=\"lazy\" width=\"650\" height=\"505\" src=\"https:\/\/estanteriasrecord.com\/wp-content\/uploads\/2025\/02\/Arrastre-o-empuje-horizontal-al-posicionar-la-carga-1594118645.png\" class=\"attachment-large size-large wp-image-17946\" alt=\"\" srcset=\"https:\/\/estanteriasrecord.com\/wp-content\/uploads\/2025\/02\/Arrastre-o-empuje-horizontal-al-posicionar-la-carga-1594118645.png 650w, https:\/\/estanteriasrecord.com\/wp-content\/uploads\/2025\/02\/Arrastre-o-empuje-horizontal-al-posicionar-la-carga-1594118645-300x233.png 300w, https:\/\/estanteriasrecord.com\/wp-content\/uploads\/2025\/02\/Arrastre-o-empuje-horizontal-al-posicionar-la-carga-1594118645-600x466.png 600w\" sizes=\"auto, (max-width: 650px) 100vw, 650px\" \/>\t\t\t\t\t\t\t\t\t\t\t\t\t\t\t<\/div>\n\t\t\t\t<\/div>\n\t\t\t\t<div class=\"elementor-element elementor-element-1ac427f elementor-widget elementor-widget-text-editor\" data-id=\"1ac427f\" data-element_type=\"widget\" data-e-type=\"widget\" data-widget_type=\"text-editor.default\">\n\t\t\t\t<div class=\"elementor-widget-container\">\n\t\t\t\t\t\t\t\t\t<p><strong>Pouss\u00e9e sur la lisse de but\u00e9e de la palette<\/strong><\/p>\n<p>Si les lisses de but\u00e9e de palettes ne sont pas utilis\u00e9es correctement, c&rsquo;est-\u00e0-dire si les caristes les heurtent intentionnellement et sans pr\u00e9caution lors des manoeuvres de positionnement des unit\u00e9s de charge, des pouss\u00e9es et des forces d&rsquo;impact dont l&rsquo;ampleur n&rsquo;a peut-\u00eatre pas \u00e9t\u00e9 prise en compte dans la conception du rayonnage vont se produire \u00e0 plusieurs reprises, provoquant des dommages sur ces composants et sur la structure elle-m\u00eame. Les caristes doivent \u00eatre entra\u00een\u00e9s pour le positionnement pr\u00e9cis des charges et ne pas utiliser ces but\u00e9es pour amortir brusquement le mouvement final de la palette. <\/p>\n\t\t\t\t\t\t\t\t<\/div>\n\t\t\t\t<\/div>\n\t\t\t\t<div class=\"elementor-element elementor-element-07009c1 elementor-widget elementor-widget-image\" data-id=\"07009c1\" data-element_type=\"widget\" data-e-type=\"widget\" data-widget_type=\"image.default\">\n\t\t\t\t<div class=\"elementor-widget-container\">\n\t\t\t\t\t\t\t\t\t\t\t\t\t\t\t<img loading=\"lazy\" decoding=\"async\" loading=\"lazy\" width=\"653\" height=\"480\" src=\"https:\/\/estanteriasrecord.com\/wp-content\/uploads\/2025\/02\/Empuje-en-el-larguero-tope-paleta-1594118749.png\" class=\"attachment-large size-large wp-image-17943\" alt=\"\" srcset=\"https:\/\/estanteriasrecord.com\/wp-content\/uploads\/2025\/02\/Empuje-en-el-larguero-tope-paleta-1594118749.png 653w, https:\/\/estanteriasrecord.com\/wp-content\/uploads\/2025\/02\/Empuje-en-el-larguero-tope-paleta-1594118749-300x221.png 300w, https:\/\/estanteriasrecord.com\/wp-content\/uploads\/2025\/02\/Empuje-en-el-larguero-tope-paleta-1594118749-600x441.png 600w\" sizes=\"auto, (max-width: 653px) 100vw, 653px\" \/>\t\t\t\t\t\t\t\t\t\t\t\t\t\t\t<\/div>\n\t\t\t\t<\/div>\n\t\t\t\t<div class=\"elementor-element elementor-element-886372a elementor-widget elementor-widget-text-editor\" data-id=\"886372a\" data-element_type=\"widget\" data-e-type=\"widget\" data-widget_type=\"text-editor.default\">\n\t\t\t\t<div class=\"elementor-widget-container\">\n\t\t\t\t\t\t\t\t\t<p>En conclusion, l&rsquo;utilisateur doit \u00eatre conscient de l&rsquo;importance extraordinaire de suivre les bonnes pratiques lors de la manutention des charges. Un pourcentage tr\u00e8s \u00e9lev\u00e9 de situations potentiellement dangereuses dans un entrep\u00f4t d\u00e9coule directement d&rsquo;une mauvaise utilisation de l&rsquo;\u00e9quipement et d&rsquo;un comportement erron\u00e9 dans sa gestion. <\/p>\n\t\t\t\t\t\t\t\t<\/div>\n\t\t\t\t<\/div>\n\t\t\t\t\t<\/div>\n\t\t\t\t<\/div>\n\t\t\t\t<\/div>\n\t\t","protected":false},"excerpt":{"rendered":"<p>Lors de notre article pr\u00e9c\u00e9dent, nous d\u00e9crivions les diff\u00e9rentes surcharges statiques que l&rsquo;on peut trouver dans un stockage sur palettes. Cette fois, nous allons d\u00e9tailler quelles sont les surcharges dynamiques qui peuvent \u00eatre produites en raison de pratiques inad\u00e9quates avec les \u00e9quipements de manutention. Descente brusque de la charge Si l&rsquo;unit\u00e9 de charge est violemment [&hellip;]<\/p>\n","protected":false},"author":5,"featured_media":14027,"comment_status":"closed","ping_status":"closed","sticky":false,"template":"","format":"standard","meta":{"_acf_changed":false,"_joinchat":[],"footnotes":""},"categories":[59],"tags":[],"class_list":["post-17267","post","type-post","status-publish","format-standard","has-post-thumbnail","hentry","category-blog-fr"],"acf":[],"yoast_head":"<!-- This site is optimized with the Yoast SEO plugin v27.0 - https:\/\/yoast.com\/product\/yoast-seo-wordpress\/ -->\n<title>LES SURCHARGES DYNAMIQUES DANS LES RAYONNAGES | Estanter\u00edas Record<\/title>\n<meta name=\"robots\" content=\"index, follow, max-snippet:-1, max-image-preview:large, max-video-preview:-1\" \/>\n<link rel=\"canonical\" href=\"https:\/\/estanteriasrecord.com\/fr\/blog\/les-surcharges-dynamiques-dans-les-rayonnages\" \/>\n<meta property=\"og:locale\" content=\"fr_FR\" \/>\n<meta property=\"og:type\" content=\"article\" \/>\n<meta property=\"og:title\" content=\"LES SURCHARGES DYNAMIQUES DANS LES RAYONNAGES | Estanter\u00edas Record\" \/>\n<meta property=\"og:description\" content=\"Lors de notre article pr\u00e9c\u00e9dent, nous d\u00e9crivions les diff\u00e9rentes surcharges statiques que l&rsquo;on peut trouver dans un stockage sur palettes. Cette fois, nous allons d\u00e9tailler quelles sont les surcharges dynamiques qui peuvent \u00eatre produites en raison de pratiques inad\u00e9quates avec les \u00e9quipements de manutention. Descente brusque de la charge Si l&rsquo;unit\u00e9 de charge est violemment [&hellip;]\" \/>\n<meta property=\"og:url\" content=\"https:\/\/estanteriasrecord.com\/fr\/blog\/les-surcharges-dynamiques-dans-les-rayonnages\" \/>\n<meta property=\"og:site_name\" content=\"Estanter\u00edas Record\" \/>\n<meta property=\"article:publisher\" content=\"https:\/\/www.facebook.com\/estanteriasrecord\/\" \/>\n<meta property=\"article:published_time\" content=\"2020-07-07T10:40:55+00:00\" \/>\n<meta property=\"article:modified_time\" content=\"2025-02-24T16:46:47+00:00\" \/>\n<meta property=\"og:image\" content=\"https:\/\/estanteriasrecord.com\/wp-content\/uploads\/2024\/06\/sobrecargas_dinamicas_estasnterias_esrecord.jpg\" \/>\n\t<meta property=\"og:image:width\" content=\"1418\" \/>\n\t<meta property=\"og:image:height\" content=\"730\" \/>\n\t<meta property=\"og:image:type\" content=\"image\/jpeg\" \/>\n<meta name=\"author\" content=\"magical_pro\" \/>\n<meta name=\"twitter:card\" content=\"summary_large_image\" \/>\n<meta name=\"twitter:label1\" content=\"\u00c9crit par\" \/>\n\t<meta name=\"twitter:data1\" content=\"magical_pro\" \/>\n\t<meta name=\"twitter:label2\" content=\"Dur\u00e9e de lecture estim\u00e9e\" \/>\n\t<meta name=\"twitter:data2\" content=\"2 minutes\" \/>\n<script type=\"application\/ld+json\" class=\"yoast-schema-graph\">{\"@context\":\"https:\/\/schema.org\",\"@graph\":[{\"@type\":\"Article\",\"@id\":\"https:\/\/estanteriasrecord.com\/fr\/blog\/les-surcharges-dynamiques-dans-les-rayonnages#article\",\"isPartOf\":{\"@id\":\"https:\/\/estanteriasrecord.com\/fr\/blog\/les-surcharges-dynamiques-dans-les-rayonnages\"},\"author\":{\"name\":\"magical_pro\",\"@id\":\"https:\/\/estanteriasrecord.com\/fr#\/schema\/person\/c28b4665b86ed0cfcf845c887a67eb4c\"},\"headline\":\"LES SURCHARGES DYNAMIQUES DANS LES RAYONNAGES\",\"datePublished\":\"2020-07-07T10:40:55+00:00\",\"dateModified\":\"2025-02-24T16:46:47+00:00\",\"mainEntityOfPage\":{\"@id\":\"https:\/\/estanteriasrecord.com\/fr\/blog\/les-surcharges-dynamiques-dans-les-rayonnages\"},\"wordCount\":467,\"publisher\":{\"@id\":\"https:\/\/estanteriasrecord.com\/fr#organization\"},\"image\":{\"@id\":\"https:\/\/estanteriasrecord.com\/fr\/blog\/les-surcharges-dynamiques-dans-les-rayonnages#primaryimage\"},\"thumbnailUrl\":\"https:\/\/estanteriasrecord.com\/wp-content\/uploads\/2024\/06\/sobrecargas_dinamicas_estasnterias_esrecord.jpg\",\"articleSection\":[\"Blog\"],\"inLanguage\":\"fr-FR\"},{\"@type\":\"WebPage\",\"@id\":\"https:\/\/estanteriasrecord.com\/fr\/blog\/les-surcharges-dynamiques-dans-les-rayonnages\",\"url\":\"https:\/\/estanteriasrecord.com\/fr\/blog\/les-surcharges-dynamiques-dans-les-rayonnages\",\"name\":\"LES SURCHARGES DYNAMIQUES DANS LES RAYONNAGES | Estanter\u00edas Record\",\"isPartOf\":{\"@id\":\"https:\/\/estanteriasrecord.com\/fr#website\"},\"primaryImageOfPage\":{\"@id\":\"https:\/\/estanteriasrecord.com\/fr\/blog\/les-surcharges-dynamiques-dans-les-rayonnages#primaryimage\"},\"image\":{\"@id\":\"https:\/\/estanteriasrecord.com\/fr\/blog\/les-surcharges-dynamiques-dans-les-rayonnages#primaryimage\"},\"thumbnailUrl\":\"https:\/\/estanteriasrecord.com\/wp-content\/uploads\/2024\/06\/sobrecargas_dinamicas_estasnterias_esrecord.jpg\",\"datePublished\":\"2020-07-07T10:40:55+00:00\",\"dateModified\":\"2025-02-24T16:46:47+00:00\",\"breadcrumb\":{\"@id\":\"https:\/\/estanteriasrecord.com\/fr\/blog\/les-surcharges-dynamiques-dans-les-rayonnages#breadcrumb\"},\"inLanguage\":\"fr-FR\",\"potentialAction\":[{\"@type\":\"ReadAction\",\"target\":[\"https:\/\/estanteriasrecord.com\/fr\/blog\/les-surcharges-dynamiques-dans-les-rayonnages\"]}]},{\"@type\":\"ImageObject\",\"inLanguage\":\"fr-FR\",\"@id\":\"https:\/\/estanteriasrecord.com\/fr\/blog\/les-surcharges-dynamiques-dans-les-rayonnages#primaryimage\",\"url\":\"https:\/\/estanteriasrecord.com\/wp-content\/uploads\/2024\/06\/sobrecargas_dinamicas_estasnterias_esrecord.jpg\",\"contentUrl\":\"https:\/\/estanteriasrecord.com\/wp-content\/uploads\/2024\/06\/sobrecargas_dinamicas_estasnterias_esrecord.jpg\",\"width\":1418,\"height\":730},{\"@type\":\"BreadcrumbList\",\"@id\":\"https:\/\/estanteriasrecord.com\/fr\/blog\/les-surcharges-dynamiques-dans-les-rayonnages#breadcrumb\",\"itemListElement\":[{\"@type\":\"ListItem\",\"position\":1,\"name\":\"Portada\",\"item\":\"https:\/\/estanteriasrecord.com\/fr\/estanterias-record\"},{\"@type\":\"ListItem\",\"position\":2,\"name\":\"LES SURCHARGES DYNAMIQUES DANS LES RAYONNAGES\"}]},{\"@type\":\"WebSite\",\"@id\":\"https:\/\/estanteriasrecord.com\/fr#website\",\"url\":\"https:\/\/estanteriasrecord.com\/fr\",\"name\":\"Estanter\u00edas Record\",\"description\":\"Sistemas eficientes de almacenamiento\",\"publisher\":{\"@id\":\"https:\/\/estanteriasrecord.com\/fr#organization\"},\"potentialAction\":[{\"@type\":\"SearchAction\",\"target\":{\"@type\":\"EntryPoint\",\"urlTemplate\":\"https:\/\/estanteriasrecord.com\/fr?s={search_term_string}\"},\"query-input\":{\"@type\":\"PropertyValueSpecification\",\"valueRequired\":true,\"valueName\":\"search_term_string\"}}],\"inLanguage\":\"fr-FR\"},{\"@type\":\"Organization\",\"@id\":\"https:\/\/estanteriasrecord.com\/fr#organization\",\"name\":\"Estanter\u00edas Record\",\"url\":\"https:\/\/estanteriasrecord.com\/fr\",\"logo\":{\"@type\":\"ImageObject\",\"inLanguage\":\"fr-FR\",\"@id\":\"https:\/\/estanteriasrecord.com\/fr#\/schema\/logo\/image\/\",\"url\":\"https:\/\/estanteriasrecord.com\/wp-content\/uploads\/2024\/03\/logo_cab_doc.png\",\"contentUrl\":\"https:\/\/estanteriasrecord.com\/wp-content\/uploads\/2024\/03\/logo_cab_doc.png\",\"width\":250,\"height\":119,\"caption\":\"Estanter\u00edas Record\"},\"image\":{\"@id\":\"https:\/\/estanteriasrecord.com\/fr#\/schema\/logo\/image\/\"},\"sameAs\":[\"https:\/\/www.facebook.com\/estanteriasrecord\/\"]},{\"@type\":\"Person\",\"@id\":\"https:\/\/estanteriasrecord.com\/fr#\/schema\/person\/c28b4665b86ed0cfcf845c887a67eb4c\",\"name\":\"magical_pro\",\"image\":{\"@type\":\"ImageObject\",\"inLanguage\":\"fr-FR\",\"@id\":\"https:\/\/estanteriasrecord.com\/fr#\/schema\/person\/image\/\",\"url\":\"https:\/\/secure.gravatar.com\/avatar\/d3f557e3081c5b56eb83c595e7c177c2d80c9d4a7da37300e7785e1bef6fa5fb?s=96&d=mm&r=g\",\"contentUrl\":\"https:\/\/secure.gravatar.com\/avatar\/d3f557e3081c5b56eb83c595e7c177c2d80c9d4a7da37300e7785e1bef6fa5fb?s=96&d=mm&r=g\",\"caption\":\"magical_pro\"},\"url\":\"https:\/\/estanteriasrecord.com\/fr\/blog\/author\/magical_pro\"}]}<\/script>\n<!-- \/ Yoast SEO plugin. -->","yoast_head_json":{"title":"LES SURCHARGES DYNAMIQUES DANS LES RAYONNAGES | Estanter\u00edas Record","robots":{"index":"index","follow":"follow","max-snippet":"max-snippet:-1","max-image-preview":"max-image-preview:large","max-video-preview":"max-video-preview:-1"},"canonical":"https:\/\/estanteriasrecord.com\/fr\/blog\/les-surcharges-dynamiques-dans-les-rayonnages","og_locale":"fr_FR","og_type":"article","og_title":"LES SURCHARGES DYNAMIQUES DANS LES RAYONNAGES | Estanter\u00edas Record","og_description":"Lors de notre article pr\u00e9c\u00e9dent, nous d\u00e9crivions les diff\u00e9rentes surcharges statiques que l&rsquo;on peut trouver dans un stockage sur palettes. Cette fois, nous allons d\u00e9tailler quelles sont les surcharges dynamiques qui peuvent \u00eatre produites en raison de pratiques inad\u00e9quates avec les \u00e9quipements de manutention. Descente brusque de la charge Si l&rsquo;unit\u00e9 de charge est violemment [&hellip;]","og_url":"https:\/\/estanteriasrecord.com\/fr\/blog\/les-surcharges-dynamiques-dans-les-rayonnages","og_site_name":"Estanter\u00edas Record","article_publisher":"https:\/\/www.facebook.com\/estanteriasrecord\/","article_published_time":"2020-07-07T10:40:55+00:00","article_modified_time":"2025-02-24T16:46:47+00:00","og_image":[{"width":1418,"height":730,"url":"https:\/\/estanteriasrecord.com\/wp-content\/uploads\/2024\/06\/sobrecargas_dinamicas_estasnterias_esrecord.jpg","type":"image\/jpeg"}],"author":"magical_pro","twitter_card":"summary_large_image","twitter_misc":{"\u00c9crit par":"magical_pro","Dur\u00e9e de lecture estim\u00e9e":"2 minutes"},"schema":{"@context":"https:\/\/schema.org","@graph":[{"@type":"Article","@id":"https:\/\/estanteriasrecord.com\/fr\/blog\/les-surcharges-dynamiques-dans-les-rayonnages#article","isPartOf":{"@id":"https:\/\/estanteriasrecord.com\/fr\/blog\/les-surcharges-dynamiques-dans-les-rayonnages"},"author":{"name":"magical_pro","@id":"https:\/\/estanteriasrecord.com\/fr#\/schema\/person\/c28b4665b86ed0cfcf845c887a67eb4c"},"headline":"LES SURCHARGES DYNAMIQUES DANS LES RAYONNAGES","datePublished":"2020-07-07T10:40:55+00:00","dateModified":"2025-02-24T16:46:47+00:00","mainEntityOfPage":{"@id":"https:\/\/estanteriasrecord.com\/fr\/blog\/les-surcharges-dynamiques-dans-les-rayonnages"},"wordCount":467,"publisher":{"@id":"https:\/\/estanteriasrecord.com\/fr#organization"},"image":{"@id":"https:\/\/estanteriasrecord.com\/fr\/blog\/les-surcharges-dynamiques-dans-les-rayonnages#primaryimage"},"thumbnailUrl":"https:\/\/estanteriasrecord.com\/wp-content\/uploads\/2024\/06\/sobrecargas_dinamicas_estasnterias_esrecord.jpg","articleSection":["Blog"],"inLanguage":"fr-FR"},{"@type":"WebPage","@id":"https:\/\/estanteriasrecord.com\/fr\/blog\/les-surcharges-dynamiques-dans-les-rayonnages","url":"https:\/\/estanteriasrecord.com\/fr\/blog\/les-surcharges-dynamiques-dans-les-rayonnages","name":"LES SURCHARGES DYNAMIQUES DANS LES RAYONNAGES | Estanter\u00edas Record","isPartOf":{"@id":"https:\/\/estanteriasrecord.com\/fr#website"},"primaryImageOfPage":{"@id":"https:\/\/estanteriasrecord.com\/fr\/blog\/les-surcharges-dynamiques-dans-les-rayonnages#primaryimage"},"image":{"@id":"https:\/\/estanteriasrecord.com\/fr\/blog\/les-surcharges-dynamiques-dans-les-rayonnages#primaryimage"},"thumbnailUrl":"https:\/\/estanteriasrecord.com\/wp-content\/uploads\/2024\/06\/sobrecargas_dinamicas_estasnterias_esrecord.jpg","datePublished":"2020-07-07T10:40:55+00:00","dateModified":"2025-02-24T16:46:47+00:00","breadcrumb":{"@id":"https:\/\/estanteriasrecord.com\/fr\/blog\/les-surcharges-dynamiques-dans-les-rayonnages#breadcrumb"},"inLanguage":"fr-FR","potentialAction":[{"@type":"ReadAction","target":["https:\/\/estanteriasrecord.com\/fr\/blog\/les-surcharges-dynamiques-dans-les-rayonnages"]}]},{"@type":"ImageObject","inLanguage":"fr-FR","@id":"https:\/\/estanteriasrecord.com\/fr\/blog\/les-surcharges-dynamiques-dans-les-rayonnages#primaryimage","url":"https:\/\/estanteriasrecord.com\/wp-content\/uploads\/2024\/06\/sobrecargas_dinamicas_estasnterias_esrecord.jpg","contentUrl":"https:\/\/estanteriasrecord.com\/wp-content\/uploads\/2024\/06\/sobrecargas_dinamicas_estasnterias_esrecord.jpg","width":1418,"height":730},{"@type":"BreadcrumbList","@id":"https:\/\/estanteriasrecord.com\/fr\/blog\/les-surcharges-dynamiques-dans-les-rayonnages#breadcrumb","itemListElement":[{"@type":"ListItem","position":1,"name":"Portada","item":"https:\/\/estanteriasrecord.com\/fr\/estanterias-record"},{"@type":"ListItem","position":2,"name":"LES SURCHARGES DYNAMIQUES DANS LES RAYONNAGES"}]},{"@type":"WebSite","@id":"https:\/\/estanteriasrecord.com\/fr#website","url":"https:\/\/estanteriasrecord.com\/fr","name":"Estanter\u00edas Record","description":"Sistemas eficientes de almacenamiento","publisher":{"@id":"https:\/\/estanteriasrecord.com\/fr#organization"},"potentialAction":[{"@type":"SearchAction","target":{"@type":"EntryPoint","urlTemplate":"https:\/\/estanteriasrecord.com\/fr?s={search_term_string}"},"query-input":{"@type":"PropertyValueSpecification","valueRequired":true,"valueName":"search_term_string"}}],"inLanguage":"fr-FR"},{"@type":"Organization","@id":"https:\/\/estanteriasrecord.com\/fr#organization","name":"Estanter\u00edas Record","url":"https:\/\/estanteriasrecord.com\/fr","logo":{"@type":"ImageObject","inLanguage":"fr-FR","@id":"https:\/\/estanteriasrecord.com\/fr#\/schema\/logo\/image\/","url":"https:\/\/estanteriasrecord.com\/wp-content\/uploads\/2024\/03\/logo_cab_doc.png","contentUrl":"https:\/\/estanteriasrecord.com\/wp-content\/uploads\/2024\/03\/logo_cab_doc.png","width":250,"height":119,"caption":"Estanter\u00edas Record"},"image":{"@id":"https:\/\/estanteriasrecord.com\/fr#\/schema\/logo\/image\/"},"sameAs":["https:\/\/www.facebook.com\/estanteriasrecord\/"]},{"@type":"Person","@id":"https:\/\/estanteriasrecord.com\/fr#\/schema\/person\/c28b4665b86ed0cfcf845c887a67eb4c","name":"magical_pro","image":{"@type":"ImageObject","inLanguage":"fr-FR","@id":"https:\/\/estanteriasrecord.com\/fr#\/schema\/person\/image\/","url":"https:\/\/secure.gravatar.com\/avatar\/d3f557e3081c5b56eb83c595e7c177c2d80c9d4a7da37300e7785e1bef6fa5fb?s=96&d=mm&r=g","contentUrl":"https:\/\/secure.gravatar.com\/avatar\/d3f557e3081c5b56eb83c595e7c177c2d80c9d4a7da37300e7785e1bef6fa5fb?s=96&d=mm&r=g","caption":"magical_pro"},"url":"https:\/\/estanteriasrecord.com\/fr\/blog\/author\/magical_pro"}]}},"_links":{"self":[{"href":"https:\/\/estanteriasrecord.com\/fr\/wp-json\/wp\/v2\/posts\/17267","targetHints":{"allow":["GET"]}}],"collection":[{"href":"https:\/\/estanteriasrecord.com\/fr\/wp-json\/wp\/v2\/posts"}],"about":[{"href":"https:\/\/estanteriasrecord.com\/fr\/wp-json\/wp\/v2\/types\/post"}],"author":[{"embeddable":true,"href":"https:\/\/estanteriasrecord.com\/fr\/wp-json\/wp\/v2\/users\/5"}],"replies":[{"embeddable":true,"href":"https:\/\/estanteriasrecord.com\/fr\/wp-json\/wp\/v2\/comments?post=17267"}],"version-history":[{"count":2,"href":"https:\/\/estanteriasrecord.com\/fr\/wp-json\/wp\/v2\/posts\/17267\/revisions"}],"predecessor-version":[{"id":17959,"href":"https:\/\/estanteriasrecord.com\/fr\/wp-json\/wp\/v2\/posts\/17267\/revisions\/17959"}],"wp:featuredmedia":[{"embeddable":true,"href":"https:\/\/estanteriasrecord.com\/fr\/wp-json\/wp\/v2\/media\/14027"}],"wp:attachment":[{"href":"https:\/\/estanteriasrecord.com\/fr\/wp-json\/wp\/v2\/media?parent=17267"}],"wp:term":[{"taxonomy":"category","embeddable":true,"href":"https:\/\/estanteriasrecord.com\/fr\/wp-json\/wp\/v2\/categories?post=17267"},{"taxonomy":"post_tag","embeddable":true,"href":"https:\/\/estanteriasrecord.com\/fr\/wp-json\/wp\/v2\/tags?post=17267"}],"curies":[{"name":"wp","href":"https:\/\/api.w.org\/{rel}","templated":true}]}}