{"id":17509,"date":"2020-05-19T13:30:35","date_gmt":"2020-05-19T11:30:35","guid":{"rendered":"https:\/\/estanteriasrecord.com\/blog\/la-sequence-et-la-pose-des-charges-palettisees"},"modified":"2025-02-24T17:47:47","modified_gmt":"2025-02-24T16:47:47","slug":"la-sequence-et-a-pose-des-chargues-palettsees","status":"publish","type":"post","link":"https:\/\/estanteriasrecord.com\/fr\/blog\/la-sequence-et-a-pose-des-chargues-palettsees","title":{"rendered":"LA S\u00c9QUENCE ET LA POSE DES CHARGES PALETTIS\u00c9ES"},"content":{"rendered":"<p>Dans le syst\u00e8me de rayonnage \u00e0 palettes classique APR, la s\u00e9quence de chargement doit s&rsquo;effectuer en positionnant les palettes des extr\u00e9mit\u00e9s de l&rsquo;espace de chargement vers le centre, de sorte que les positions centrales soient les derni\u00e8res \u00e0 recevoir le poids. Lorsque plusieurs niveaux doivent \u00eatre charg\u00e9s, la s\u00e9quence de chargement doit \u00eatre ascendante, de sorte que les niveaux sup\u00e9rieurs soient les derniers \u00e0 \u00eatre charg\u00e9s. <\/p>\n<p>&nbsp;<\/p>\n<p>Ce mode de fonctionnement est indiqu\u00e9 lorsque les alv\u00e9oles de charge admettent plus de deux palettes, en supposant, en outre, qu&rsquo;il s&rsquo;agit de produits homog\u00e8nes et que les op\u00e9rations logistiques ne requi\u00e8rent pas de les placer dans une position sp\u00e9cifique sur le rayonnage. Pour la s\u00e9quence de d\u00e9chargement, il faut proc\u00e9der de la m\u00eame fa\u00e7on, mais en sens inverse, c&rsquo;est-\u00e0-dire en lib\u00e9rant les positions les plus \u00e9lev\u00e9es de poids, toujours du centre du niveau vers les extr\u00e9mit\u00e9s. <\/p>\n<p>&nbsp;<\/p>\n<p>Le but de cette m\u00e9thode est triple :<\/p>\n<p>&nbsp;<\/p>\n<ul>\n<li>Dans la mesure du possible, les d\u00e9formations verticales des lisses sont \u00e9vit\u00e9es et la charge est r\u00e9partie de fa\u00e7on plus directe, plus efficace et plus s\u00fbre sur les \u00e9chelles.<\/li>\n<\/ul>\n<p>&nbsp;<\/p>\n<ul>\n<li>Nous avons une meilleure r\u00e9f\u00e9rence pour contr\u00f4ler les jeux n\u00e9cessaires dans le positionnement des charges.<\/li>\n<\/ul>\n<p>&nbsp;<\/p>\n<ul>\n<li>L&rsquo;entrep\u00f4t est g\u00e9r\u00e9 de mani\u00e8re plus s\u00fbre afin de pr\u00e9venir les risques d&rsquo;accidents, r\u00e9duisant ainsi les effets possibles de chutes fortuites de marchandises.<\/li>\n<\/ul>\n<p>&nbsp;<\/p>\n<p><img fetchpriority=\"high\" decoding=\"async\" src=\"https:\/\/estanteriasrecord.com\/wp-content\/uploads\/2024\/06\/Secuencia_Carga_Descarga_EsRecord-1589887753.png\" alt=\"La S\u00e9cuence\" width=\"420\" height=\"205\"><\/p>\n<p>&nbsp;<\/p>\n<p><strong>La pose des palettes<\/strong><\/p>\n<p>&nbsp;<\/p>\n<p>Lorsqu&rsquo;un \u00e9l\u00e9ment de stockage est plac\u00e9 sur un rayonnage \u00e0 palettes classique, la s\u00e9quence de chargement doit garantir qu&rsquo;il n&rsquo;y a aucun contact avec les composants du rayonnage (\u00e0 l&rsquo;exception du niveau de charge qui va la supporter) ou avec les charges d\u00e9j\u00e0 stock\u00e9es pendant les op\u00e9rations de stockage ou d&rsquo;enl\u00e8vement.<\/p>\n<p>&nbsp;<\/p>\n<p>Le personnel qui effectue ces manoeuvres doit \u00eatre d\u00fbment form\u00e9 et accr\u00e9dit\u00e9 et, dans tous les cas, effectuer les op\u00e9rations avec le plus grand soin et la plus grande attention, en respectant les bonnes pratiques d\u00e9crites dans ce Manuel et en s&rsquo;assurant que les \u00e9l\u00e9ments plac\u00e9s sur les \u00e9quipements de stockage sont ceux sp\u00e9cifi\u00e9s.<\/p>\n<p>&nbsp;<\/p>\n<p>En plus de la formation du cariste, la pr\u00e9cision avec laquelle ces op\u00e9rations sont r\u00e9alis\u00e9es d\u00e9pend de son exp\u00e9rience, int\u00e9r\u00eat, motivation et de la supervision pr\u00e9vue, ce qui a un effet direct et plus ou moins grave sur le niveau de dommages que re\u00e7oit le rayonnage.<\/p>\n<p>&nbsp;<\/p>\n<p>Si l&rsquo;\u00e9quipement de manutention change par rapport \u00e0 celui sp\u00e9cifi\u00e9 \u00e0 l&rsquo;origine par le fournisseur, il est probable que la m\u00e9thode de chargement varie en cons\u00e9quence. Il convient de consulter cette hypoth\u00e8se dans de telles circonstances. <\/p>\n<p>&nbsp;<\/p>\n<p>Les palettes en bois doivent \u00eatre plac\u00e9es de mani\u00e8re \u00e0 ce que leurs \u00e9l\u00e9ments d&rsquo;appui soient support\u00e9s par les lisses. Dans la plupart des cas, ces \u00e9l\u00e9ments de support sont compos\u00e9s d&rsquo;une planche sup\u00e9rieure, d&rsquo;une planche inf\u00e9rieure et de plusieurs blocs. Dans le syst\u00e8me de rayonnage \u00e0 palettes classique APR, la palette doit \u00eatre positionn\u00e9e ses patins perpendiculaires aux lisses. Les patins ne doivent pas reposer longitudinalement sur les lisses, car la palette peut se d\u00e9former en raison du manque de support du patin central.  <\/p>\n<p>&nbsp;<\/p>\n<p><img decoding=\"async\" src=\"https:\/\/estanteriasrecord.com\/wp-content\/uploads\/2024\/06\/Posicionamiento-1589887806.png\" alt=\"La pose des palettes\" width=\"420\" height=\"177\"><\/p>\n<p>&nbsp;<\/p>\n<p>Les unit\u00e9s de charge doivent \u00eatre positionn\u00e9es sym\u00e9triquement par rapport \u00e0 la paire de lisses dans la direction de la profondeur de l&rsquo;\u00e9chelle. Une saillie de la palette sur les bords des lisses de 50 mm est g\u00e9n\u00e9ralement consid\u00e9r\u00e9e comme appropri\u00e9e. <\/p>\n<p>&nbsp;<\/p>\n","protected":false},"excerpt":{"rendered":"<p>Dans le syst\u00e8me de rayonnage \u00e0 palettes classique APR, la s\u00e9quence de chargement doit s&rsquo;effectuer en positionnant les palettes des extr\u00e9mit\u00e9s de l&rsquo;espace de chargement vers le centre, de sorte que les positions centrales soient les derni\u00e8res \u00e0 recevoir le poids. Lorsque plusieurs niveaux doivent \u00eatre charg\u00e9s, la s\u00e9quence de chargement doit \u00eatre ascendante, de [&hellip;]<\/p>\n","protected":false},"author":5,"featured_media":14021,"comment_status":"closed","ping_status":"closed","sticky":false,"template":"","format":"standard","meta":{"_acf_changed":false,"_joinchat":[],"footnotes":""},"categories":[59],"tags":[],"class_list":["post-17509","post","type-post","status-publish","format-standard","has-post-thumbnail","hentry","category-blog-fr"],"acf":[],"yoast_head":"<!-- This site is optimized with the Yoast SEO plugin v27.0 - https:\/\/yoast.com\/product\/yoast-seo-wordpress\/ -->\n<title>LA S\u00c9QUENCE ET LA POSE DES CHARGES PALETTIS\u00c9ES | Estanter\u00edas Record<\/title>\n<meta name=\"robots\" content=\"index, follow, max-snippet:-1, max-image-preview:large, max-video-preview:-1\" \/>\n<link rel=\"canonical\" href=\"https:\/\/estanteriasrecord.com\/fr\/blog\/la-sequence-et-a-pose-des-chargues-palettsees\" \/>\n<meta property=\"og:locale\" content=\"fr_FR\" \/>\n<meta property=\"og:type\" content=\"article\" \/>\n<meta property=\"og:title\" content=\"LA S\u00c9QUENCE ET LA POSE DES CHARGES PALETTIS\u00c9ES | Estanter\u00edas Record\" \/>\n<meta property=\"og:description\" content=\"Dans le syst\u00e8me de rayonnage \u00e0 palettes classique APR, la s\u00e9quence de chargement doit s&rsquo;effectuer en positionnant les palettes des extr\u00e9mit\u00e9s de l&rsquo;espace de chargement vers le centre, de sorte que les positions centrales soient les derni\u00e8res \u00e0 recevoir le poids. Lorsque plusieurs niveaux doivent \u00eatre charg\u00e9s, la s\u00e9quence de chargement doit \u00eatre ascendante, de [&hellip;]\" \/>\n<meta property=\"og:url\" content=\"https:\/\/estanteriasrecord.com\/fr\/blog\/la-sequence-et-a-pose-des-chargues-palettsees\" \/>\n<meta property=\"og:site_name\" content=\"Estanter\u00edas Record\" \/>\n<meta property=\"article:publisher\" content=\"https:\/\/www.facebook.com\/estanteriasrecord\/\" \/>\n<meta property=\"article:published_time\" content=\"2020-05-19T11:30:35+00:00\" \/>\n<meta property=\"article:modified_time\" content=\"2025-02-24T16:47:47+00:00\" \/>\n<meta property=\"og:image\" content=\"https:\/\/estanteriasrecord.com\/wp-content\/uploads\/2024\/06\/plantilla_portada_post_blog.jpg\" \/>\n\t<meta property=\"og:image:width\" content=\"1772\" \/>\n\t<meta property=\"og:image:height\" content=\"998\" \/>\n\t<meta property=\"og:image:type\" content=\"image\/jpeg\" \/>\n<meta name=\"author\" content=\"magical_pro\" \/>\n<meta name=\"twitter:card\" content=\"summary_large_image\" \/>\n<meta name=\"twitter:label1\" content=\"\u00c9crit par\" \/>\n\t<meta name=\"twitter:data1\" content=\"magical_pro\" \/>\n\t<meta name=\"twitter:label2\" content=\"Dur\u00e9e de lecture estim\u00e9e\" \/>\n\t<meta name=\"twitter:data2\" content=\"3 minutes\" \/>\n<script type=\"application\/ld+json\" class=\"yoast-schema-graph\">{\"@context\":\"https:\/\/schema.org\",\"@graph\":[{\"@type\":\"Article\",\"@id\":\"https:\/\/estanteriasrecord.com\/fr\/blog\/la-sequence-et-a-pose-des-chargues-palettsees#article\",\"isPartOf\":{\"@id\":\"https:\/\/estanteriasrecord.com\/fr\/blog\/la-sequence-et-a-pose-des-chargues-palettsees\"},\"author\":{\"name\":\"magical_pro\",\"@id\":\"https:\/\/estanteriasrecord.com\/fr#\/schema\/person\/c28b4665b86ed0cfcf845c887a67eb4c\"},\"headline\":\"LA S\u00c9QUENCE ET LA POSE DES CHARGES PALETTIS\u00c9ES\",\"datePublished\":\"2020-05-19T11:30:35+00:00\",\"dateModified\":\"2025-02-24T16:47:47+00:00\",\"mainEntityOfPage\":{\"@id\":\"https:\/\/estanteriasrecord.com\/fr\/blog\/la-sequence-et-a-pose-des-chargues-palettsees\"},\"wordCount\":654,\"publisher\":{\"@id\":\"https:\/\/estanteriasrecord.com\/fr#organization\"},\"image\":{\"@id\":\"https:\/\/estanteriasrecord.com\/fr\/blog\/la-sequence-et-a-pose-des-chargues-palettsees#primaryimage\"},\"thumbnailUrl\":\"https:\/\/estanteriasrecord.com\/wp-content\/uploads\/2024\/06\/plantilla_portada_post_blog.jpg\",\"articleSection\":[\"Blog\"],\"inLanguage\":\"fr-FR\"},{\"@type\":\"WebPage\",\"@id\":\"https:\/\/estanteriasrecord.com\/fr\/blog\/la-sequence-et-a-pose-des-chargues-palettsees\",\"url\":\"https:\/\/estanteriasrecord.com\/fr\/blog\/la-sequence-et-a-pose-des-chargues-palettsees\",\"name\":\"LA S\u00c9QUENCE ET LA POSE DES CHARGES PALETTIS\u00c9ES | Estanter\u00edas Record\",\"isPartOf\":{\"@id\":\"https:\/\/estanteriasrecord.com\/fr#website\"},\"primaryImageOfPage\":{\"@id\":\"https:\/\/estanteriasrecord.com\/fr\/blog\/la-sequence-et-a-pose-des-chargues-palettsees#primaryimage\"},\"image\":{\"@id\":\"https:\/\/estanteriasrecord.com\/fr\/blog\/la-sequence-et-a-pose-des-chargues-palettsees#primaryimage\"},\"thumbnailUrl\":\"https:\/\/estanteriasrecord.com\/wp-content\/uploads\/2024\/06\/plantilla_portada_post_blog.jpg\",\"datePublished\":\"2020-05-19T11:30:35+00:00\",\"dateModified\":\"2025-02-24T16:47:47+00:00\",\"breadcrumb\":{\"@id\":\"https:\/\/estanteriasrecord.com\/fr\/blog\/la-sequence-et-a-pose-des-chargues-palettsees#breadcrumb\"},\"inLanguage\":\"fr-FR\",\"potentialAction\":[{\"@type\":\"ReadAction\",\"target\":[\"https:\/\/estanteriasrecord.com\/fr\/blog\/la-sequence-et-a-pose-des-chargues-palettsees\"]}]},{\"@type\":\"ImageObject\",\"inLanguage\":\"fr-FR\",\"@id\":\"https:\/\/estanteriasrecord.com\/fr\/blog\/la-sequence-et-a-pose-des-chargues-palettsees#primaryimage\",\"url\":\"https:\/\/estanteriasrecord.com\/wp-content\/uploads\/2024\/06\/plantilla_portada_post_blog.jpg\",\"contentUrl\":\"https:\/\/estanteriasrecord.com\/wp-content\/uploads\/2024\/06\/plantilla_portada_post_blog.jpg\",\"width\":1772,\"height\":998},{\"@type\":\"BreadcrumbList\",\"@id\":\"https:\/\/estanteriasrecord.com\/fr\/blog\/la-sequence-et-a-pose-des-chargues-palettsees#breadcrumb\",\"itemListElement\":[{\"@type\":\"ListItem\",\"position\":1,\"name\":\"Portada\",\"item\":\"https:\/\/estanteriasrecord.com\/fr\/estanterias-record\"},{\"@type\":\"ListItem\",\"position\":2,\"name\":\"LA S\u00c9QUENCE ET LA POSE DES CHARGES PALETTIS\u00c9ES\"}]},{\"@type\":\"WebSite\",\"@id\":\"https:\/\/estanteriasrecord.com\/fr#website\",\"url\":\"https:\/\/estanteriasrecord.com\/fr\",\"name\":\"Estanter\u00edas Record\",\"description\":\"Sistemas eficientes de almacenamiento\",\"publisher\":{\"@id\":\"https:\/\/estanteriasrecord.com\/fr#organization\"},\"potentialAction\":[{\"@type\":\"SearchAction\",\"target\":{\"@type\":\"EntryPoint\",\"urlTemplate\":\"https:\/\/estanteriasrecord.com\/fr?s={search_term_string}\"},\"query-input\":{\"@type\":\"PropertyValueSpecification\",\"valueRequired\":true,\"valueName\":\"search_term_string\"}}],\"inLanguage\":\"fr-FR\"},{\"@type\":\"Organization\",\"@id\":\"https:\/\/estanteriasrecord.com\/fr#organization\",\"name\":\"Estanter\u00edas Record\",\"url\":\"https:\/\/estanteriasrecord.com\/fr\",\"logo\":{\"@type\":\"ImageObject\",\"inLanguage\":\"fr-FR\",\"@id\":\"https:\/\/estanteriasrecord.com\/fr#\/schema\/logo\/image\/\",\"url\":\"https:\/\/estanteriasrecord.com\/wp-content\/uploads\/2024\/03\/logo_cab_doc.png\",\"contentUrl\":\"https:\/\/estanteriasrecord.com\/wp-content\/uploads\/2024\/03\/logo_cab_doc.png\",\"width\":250,\"height\":119,\"caption\":\"Estanter\u00edas Record\"},\"image\":{\"@id\":\"https:\/\/estanteriasrecord.com\/fr#\/schema\/logo\/image\/\"},\"sameAs\":[\"https:\/\/www.facebook.com\/estanteriasrecord\/\"]},{\"@type\":\"Person\",\"@id\":\"https:\/\/estanteriasrecord.com\/fr#\/schema\/person\/c28b4665b86ed0cfcf845c887a67eb4c\",\"name\":\"magical_pro\",\"image\":{\"@type\":\"ImageObject\",\"inLanguage\":\"fr-FR\",\"@id\":\"https:\/\/estanteriasrecord.com\/fr#\/schema\/person\/image\/\",\"url\":\"https:\/\/secure.gravatar.com\/avatar\/d3f557e3081c5b56eb83c595e7c177c2d80c9d4a7da37300e7785e1bef6fa5fb?s=96&d=mm&r=g\",\"contentUrl\":\"https:\/\/secure.gravatar.com\/avatar\/d3f557e3081c5b56eb83c595e7c177c2d80c9d4a7da37300e7785e1bef6fa5fb?s=96&d=mm&r=g\",\"caption\":\"magical_pro\"},\"url\":\"https:\/\/estanteriasrecord.com\/fr\/blog\/author\/magical_pro\"}]}<\/script>\n<!-- \/ Yoast SEO plugin. -->","yoast_head_json":{"title":"LA S\u00c9QUENCE ET LA POSE DES CHARGES PALETTIS\u00c9ES | Estanter\u00edas Record","robots":{"index":"index","follow":"follow","max-snippet":"max-snippet:-1","max-image-preview":"max-image-preview:large","max-video-preview":"max-video-preview:-1"},"canonical":"https:\/\/estanteriasrecord.com\/fr\/blog\/la-sequence-et-a-pose-des-chargues-palettsees","og_locale":"fr_FR","og_type":"article","og_title":"LA S\u00c9QUENCE ET LA POSE DES CHARGES PALETTIS\u00c9ES | Estanter\u00edas Record","og_description":"Dans le syst\u00e8me de rayonnage \u00e0 palettes classique APR, la s\u00e9quence de chargement doit s&rsquo;effectuer en positionnant les palettes des extr\u00e9mit\u00e9s de l&rsquo;espace de chargement vers le centre, de sorte que les positions centrales soient les derni\u00e8res \u00e0 recevoir le poids. Lorsque plusieurs niveaux doivent \u00eatre charg\u00e9s, la s\u00e9quence de chargement doit \u00eatre ascendante, de [&hellip;]","og_url":"https:\/\/estanteriasrecord.com\/fr\/blog\/la-sequence-et-a-pose-des-chargues-palettsees","og_site_name":"Estanter\u00edas Record","article_publisher":"https:\/\/www.facebook.com\/estanteriasrecord\/","article_published_time":"2020-05-19T11:30:35+00:00","article_modified_time":"2025-02-24T16:47:47+00:00","og_image":[{"width":1772,"height":998,"url":"https:\/\/estanteriasrecord.com\/wp-content\/uploads\/2024\/06\/plantilla_portada_post_blog.jpg","type":"image\/jpeg"}],"author":"magical_pro","twitter_card":"summary_large_image","twitter_misc":{"\u00c9crit par":"magical_pro","Dur\u00e9e de lecture estim\u00e9e":"3 minutes"},"schema":{"@context":"https:\/\/schema.org","@graph":[{"@type":"Article","@id":"https:\/\/estanteriasrecord.com\/fr\/blog\/la-sequence-et-a-pose-des-chargues-palettsees#article","isPartOf":{"@id":"https:\/\/estanteriasrecord.com\/fr\/blog\/la-sequence-et-a-pose-des-chargues-palettsees"},"author":{"name":"magical_pro","@id":"https:\/\/estanteriasrecord.com\/fr#\/schema\/person\/c28b4665b86ed0cfcf845c887a67eb4c"},"headline":"LA S\u00c9QUENCE ET LA POSE DES CHARGES PALETTIS\u00c9ES","datePublished":"2020-05-19T11:30:35+00:00","dateModified":"2025-02-24T16:47:47+00:00","mainEntityOfPage":{"@id":"https:\/\/estanteriasrecord.com\/fr\/blog\/la-sequence-et-a-pose-des-chargues-palettsees"},"wordCount":654,"publisher":{"@id":"https:\/\/estanteriasrecord.com\/fr#organization"},"image":{"@id":"https:\/\/estanteriasrecord.com\/fr\/blog\/la-sequence-et-a-pose-des-chargues-palettsees#primaryimage"},"thumbnailUrl":"https:\/\/estanteriasrecord.com\/wp-content\/uploads\/2024\/06\/plantilla_portada_post_blog.jpg","articleSection":["Blog"],"inLanguage":"fr-FR"},{"@type":"WebPage","@id":"https:\/\/estanteriasrecord.com\/fr\/blog\/la-sequence-et-a-pose-des-chargues-palettsees","url":"https:\/\/estanteriasrecord.com\/fr\/blog\/la-sequence-et-a-pose-des-chargues-palettsees","name":"LA S\u00c9QUENCE ET LA POSE DES CHARGES PALETTIS\u00c9ES | Estanter\u00edas Record","isPartOf":{"@id":"https:\/\/estanteriasrecord.com\/fr#website"},"primaryImageOfPage":{"@id":"https:\/\/estanteriasrecord.com\/fr\/blog\/la-sequence-et-a-pose-des-chargues-palettsees#primaryimage"},"image":{"@id":"https:\/\/estanteriasrecord.com\/fr\/blog\/la-sequence-et-a-pose-des-chargues-palettsees#primaryimage"},"thumbnailUrl":"https:\/\/estanteriasrecord.com\/wp-content\/uploads\/2024\/06\/plantilla_portada_post_blog.jpg","datePublished":"2020-05-19T11:30:35+00:00","dateModified":"2025-02-24T16:47:47+00:00","breadcrumb":{"@id":"https:\/\/estanteriasrecord.com\/fr\/blog\/la-sequence-et-a-pose-des-chargues-palettsees#breadcrumb"},"inLanguage":"fr-FR","potentialAction":[{"@type":"ReadAction","target":["https:\/\/estanteriasrecord.com\/fr\/blog\/la-sequence-et-a-pose-des-chargues-palettsees"]}]},{"@type":"ImageObject","inLanguage":"fr-FR","@id":"https:\/\/estanteriasrecord.com\/fr\/blog\/la-sequence-et-a-pose-des-chargues-palettsees#primaryimage","url":"https:\/\/estanteriasrecord.com\/wp-content\/uploads\/2024\/06\/plantilla_portada_post_blog.jpg","contentUrl":"https:\/\/estanteriasrecord.com\/wp-content\/uploads\/2024\/06\/plantilla_portada_post_blog.jpg","width":1772,"height":998},{"@type":"BreadcrumbList","@id":"https:\/\/estanteriasrecord.com\/fr\/blog\/la-sequence-et-a-pose-des-chargues-palettsees#breadcrumb","itemListElement":[{"@type":"ListItem","position":1,"name":"Portada","item":"https:\/\/estanteriasrecord.com\/fr\/estanterias-record"},{"@type":"ListItem","position":2,"name":"LA S\u00c9QUENCE ET LA POSE DES CHARGES PALETTIS\u00c9ES"}]},{"@type":"WebSite","@id":"https:\/\/estanteriasrecord.com\/fr#website","url":"https:\/\/estanteriasrecord.com\/fr","name":"Estanter\u00edas Record","description":"Sistemas eficientes de almacenamiento","publisher":{"@id":"https:\/\/estanteriasrecord.com\/fr#organization"},"potentialAction":[{"@type":"SearchAction","target":{"@type":"EntryPoint","urlTemplate":"https:\/\/estanteriasrecord.com\/fr?s={search_term_string}"},"query-input":{"@type":"PropertyValueSpecification","valueRequired":true,"valueName":"search_term_string"}}],"inLanguage":"fr-FR"},{"@type":"Organization","@id":"https:\/\/estanteriasrecord.com\/fr#organization","name":"Estanter\u00edas Record","url":"https:\/\/estanteriasrecord.com\/fr","logo":{"@type":"ImageObject","inLanguage":"fr-FR","@id":"https:\/\/estanteriasrecord.com\/fr#\/schema\/logo\/image\/","url":"https:\/\/estanteriasrecord.com\/wp-content\/uploads\/2024\/03\/logo_cab_doc.png","contentUrl":"https:\/\/estanteriasrecord.com\/wp-content\/uploads\/2024\/03\/logo_cab_doc.png","width":250,"height":119,"caption":"Estanter\u00edas Record"},"image":{"@id":"https:\/\/estanteriasrecord.com\/fr#\/schema\/logo\/image\/"},"sameAs":["https:\/\/www.facebook.com\/estanteriasrecord\/"]},{"@type":"Person","@id":"https:\/\/estanteriasrecord.com\/fr#\/schema\/person\/c28b4665b86ed0cfcf845c887a67eb4c","name":"magical_pro","image":{"@type":"ImageObject","inLanguage":"fr-FR","@id":"https:\/\/estanteriasrecord.com\/fr#\/schema\/person\/image\/","url":"https:\/\/secure.gravatar.com\/avatar\/d3f557e3081c5b56eb83c595e7c177c2d80c9d4a7da37300e7785e1bef6fa5fb?s=96&d=mm&r=g","contentUrl":"https:\/\/secure.gravatar.com\/avatar\/d3f557e3081c5b56eb83c595e7c177c2d80c9d4a7da37300e7785e1bef6fa5fb?s=96&d=mm&r=g","caption":"magical_pro"},"url":"https:\/\/estanteriasrecord.com\/fr\/blog\/author\/magical_pro"}]}},"_links":{"self":[{"href":"https:\/\/estanteriasrecord.com\/fr\/wp-json\/wp\/v2\/posts\/17509","targetHints":{"allow":["GET"]}}],"collection":[{"href":"https:\/\/estanteriasrecord.com\/fr\/wp-json\/wp\/v2\/posts"}],"about":[{"href":"https:\/\/estanteriasrecord.com\/fr\/wp-json\/wp\/v2\/types\/post"}],"author":[{"embeddable":true,"href":"https:\/\/estanteriasrecord.com\/fr\/wp-json\/wp\/v2\/users\/5"}],"replies":[{"embeddable":true,"href":"https:\/\/estanteriasrecord.com\/fr\/wp-json\/wp\/v2\/comments?post=17509"}],"version-history":[{"count":1,"href":"https:\/\/estanteriasrecord.com\/fr\/wp-json\/wp\/v2\/posts\/17509\/revisions"}],"predecessor-version":[{"id":17510,"href":"https:\/\/estanteriasrecord.com\/fr\/wp-json\/wp\/v2\/posts\/17509\/revisions\/17510"}],"wp:featuredmedia":[{"embeddable":true,"href":"https:\/\/estanteriasrecord.com\/fr\/wp-json\/wp\/v2\/media\/14021"}],"wp:attachment":[{"href":"https:\/\/estanteriasrecord.com\/fr\/wp-json\/wp\/v2\/media?parent=17509"}],"wp:term":[{"taxonomy":"category","embeddable":true,"href":"https:\/\/estanteriasrecord.com\/fr\/wp-json\/wp\/v2\/categories?post=17509"},{"taxonomy":"post_tag","embeddable":true,"href":"https:\/\/estanteriasrecord.com\/fr\/wp-json\/wp\/v2\/tags?post=17509"}],"curies":[{"name":"wp","href":"https:\/\/api.w.org\/{rel}","templated":true}]}}