{"id":17511,"date":"2020-06-09T13:17:40","date_gmt":"2020-06-09T11:17:40","guid":{"rendered":"https:\/\/estanteriasrecord.com\/blog\/mesures-preventives-pour-les-entrepots-pendant-la-desescalade"},"modified":"2025-02-24T17:47:24","modified_gmt":"2025-02-24T16:47:24","slug":"mesures-preventives-pour-les-entrepots-pendant-la-desescalad","status":"publish","type":"post","link":"https:\/\/estanteriasrecord.com\/fr\/blog\/mesures-preventives-pour-les-entrepots-pendant-la-desescalad","title":{"rendered":"MESURES PR\u00c9VENTIVES POUR LES ENTREP\u00d4TS PENDANT LA D\u00c9SESCALADE"},"content":{"rendered":"<p>L&rsquo;AECOC a r\u00e9cemment publi\u00e9 un deuxi\u00e8me protocole de&nbsp;<a href=\"https:\/\/www.aecoc.es\/recomendaciones\/ral-covid-19-ii-recomendaciones-para-la-prevencion-de-contagios-del-covid-19-en-almacenes-y-centros-logisticos\/\">\u00ab\u00a0Recommandations pour la pr\u00e9vention des infections de la Covid-19 dans les entrep\u00f4ts et les centres logistiques\u00a0\u00bb<\/a> qui d\u00e9taille les mesures de pr\u00e9vention qui devraient \u00eatre adopt\u00e9es pendant la p\u00e9riode de d\u00e9sescalade pour garantir la s\u00e9curit\u00e9 de l&rsquo;ensemble du personnel.<\/p>\n<p>&nbsp;<\/p>\n<p>Ce protocole <strong>met l&rsquo;accent sur les mesures d&rsquo;hygi\u00e8ne personnelle suivant la recommandation du Minist\u00e8re de la Sant\u00e9 :<\/strong><\/p>\n<p>&nbsp;<\/p>\n<ul>\n<li>Il est essentiel de se laver fr\u00e9quemment les mains<\/li>\n<li>Utilisation de mouchoirs jetables pour la toux et les \u00e9ternuements<\/li>\n<li>Dans la mesure du possible, \u00e9vitez de vous toucher le visage, les yeux, le nez ou la bouche<\/li>\n<li>Une distance sociale de deux m\u00e8tres est obligatoire<\/li>\n<\/ul>\n<p>&nbsp;<\/p>\n<p><strong>Une distance sociale garantie<\/strong><\/p>\n<p>&nbsp;<\/p>\n<p>Concernant la <strong>garantie de la s\u00e9curit\u00e9 du personnel par la distanciation sociale<\/strong>, ce protocole d&rsquo;action distingue les lieux de travail statiques et dynamiques, ainsi que les voies de circulation et les espaces communs. <\/p>\n<ul>\n<li><strong>Postes de travail statiques.<\/strong> Il est recommand\u00e9 de d\u00e9limiter les espaces de travail en respectant \u00e0 tout moment la distance de deux m\u00e8tres, au moyen de meubles et d&rsquo;\u00e9crans transparents, sans oublier les zones de passage, comme les couloirs.\n<p> Il faut \u00e9galement consid\u00e9rer que les entreprises devront probablement adapter leurs effectifs actuels, \u00e0 la fois en relocalisant des emplois et des t\u00e2ches et en r\u00e9duisant le personnel des bureaux. <\/li>\n<li><strong>Postes de travail dynamiques.<\/strong> C\u2019est le cas des entrep\u00f4ts, o\u00f9 la d\u00e9limitation des zones de travail serait tr\u00e8s difficile, l\u2019organisation du personnel se fera, donc, par le biais d&rsquo;une nouvelle planification du travail des employ\u00e9s, avec l&rsquo;attribution d&rsquo;espaces pour ceux-ci, et l&rsquo;\u00e9tablissement de nouveaux horaires par activit\u00e9 et par travailleur pour \u00e9viter les agglom\u00e9rations au m\u00eame endroit. <\/li>\n<li><strong>Les all\u00e9es de circulation. <\/strong>Dans ces cas, afin de garantir la distance sociale et d&rsquo;\u00e9viter que les gens se croisent, il est recommand\u00e9 d&rsquo;utiliser des panneaux de signalisation \u00e0 sens unique dans les zones de travail. <\/li>\n<li><strong>Les espaces communs. <\/strong>Dans ces cas, il est conseill\u00e9 d&rsquo;\u00e9viter l&rsquo;entassement et de continuer \u00e0 respecter la distance sociale minimale, pour laquelle nous recommandons l&rsquo;utilisation \u00e9chelonn\u00e9e et organis\u00e9e des toilettes, des vestiaires, des zones de repos et de restauration, l&rsquo;acc\u00e8s aux zones par pointage, etc.<br \/> &nbsp;&nbsp;&nbsp;&nbsp;&nbsp;&nbsp;&nbsp;&nbsp;&nbsp;&nbsp;\n<ul>\n<li>L&rsquo;utilisation individuelle des toilettes et des vestiaires est recommand\u00e9e.<\/li>\n<li>Panneaux de signalisation dans les couloirs.<\/li>\n<li>Laissez les portes ouvertes \u00e0 l&rsquo;acc\u00e8s de chaque zone.<\/li>\n<\/ul>\n<\/li>\n<\/ul>\n<p>&nbsp;<\/p>\n<p><strong>D\u00e9sinfection et nettoyage<\/strong><\/p>\n<p>&nbsp;<\/p>\n<ul>\n<li><strong>Le nettoyage et la d\u00e9sinfection constants de tous les \u00e9l\u00e9ments fr\u00e9quemment<\/strong> utilis\u00e9s sont essentiels, que ce soit pour l&rsquo;acc\u00e8s \u00e0 des zones telles que les manettes de porte et de rampe, entre autres, ou les claviers et souris d\u2019ordinateurs partag\u00e9s.<\/li>\n<\/ul>\n<p>&nbsp;<\/p>\n<ul>\n<li>Naturellement, le nettoyage des toilettes et des espaces communs doit \u00eatre renforc\u00e9 et les zones de travail doivent \u00eatre d\u00e9sinfect\u00e9es \u00e0 chaque changement d&rsquo;\u00e9quipe. <\/li>\n<\/ul>\n<p>&nbsp;<\/p>\n<ul>\n<li>Il est \u00e9galement recommand\u00e9 que les espaces de travail soient correctement ventil\u00e9s et que les syst\u00e8mes de climatisation soient maintenus propres.<\/li>\n<\/ul>\n<p>&nbsp;<\/p>\n<p>&nbsp;<\/p>\n<p>Finalement, n&rsquo;oubliez pas que l&rsquo;utilisation de masques et de gants dans les zones de travail est toujours recommand\u00e9e, ainsi que l&rsquo;utilisation continue, si n\u00e9cessaire, de solutions hydroalcooliques, de savons et de tissus.<\/p>\n<p>&nbsp;<\/p>\n<p>&nbsp;<\/p>\n","protected":false},"excerpt":{"rendered":"<p>L&rsquo;AECOC a r\u00e9cemment publi\u00e9 un deuxi\u00e8me protocole de&nbsp;\u00ab\u00a0Recommandations pour la pr\u00e9vention des infections de la Covid-19 dans les entrep\u00f4ts et les centres logistiques\u00a0\u00bb qui d\u00e9taille les mesures de pr\u00e9vention qui devraient \u00eatre adopt\u00e9es pendant la p\u00e9riode de d\u00e9sescalade pour garantir la s\u00e9curit\u00e9 de l&rsquo;ensemble du personnel. &nbsp; Ce protocole met l&rsquo;accent sur les mesures d&rsquo;hygi\u00e8ne [&hellip;]<\/p>\n","protected":false},"author":5,"featured_media":14023,"comment_status":"closed","ping_status":"closed","sticky":false,"template":"","format":"standard","meta":{"_acf_changed":false,"_joinchat":[],"footnotes":""},"categories":[59],"tags":[],"class_list":["post-17511","post","type-post","status-publish","format-standard","has-post-thumbnail","hentry","category-blog-fr"],"acf":[],"yoast_head":"<!-- This site is optimized with the Yoast SEO plugin v27.0 - https:\/\/yoast.com\/product\/yoast-seo-wordpress\/ -->\n<title>MESURES PR\u00c9VENTIVES POUR LES ENTREP\u00d4TS PENDANT LA D\u00c9SESCALADE | Estanter\u00edas Record<\/title>\n<meta name=\"robots\" content=\"index, follow, max-snippet:-1, max-image-preview:large, max-video-preview:-1\" \/>\n<link rel=\"canonical\" href=\"https:\/\/estanteriasrecord.com\/fr\/blog\/mesures-preventives-pour-les-entrepots-pendant-la-desescalad\" \/>\n<meta property=\"og:locale\" content=\"fr_FR\" \/>\n<meta property=\"og:type\" content=\"article\" \/>\n<meta property=\"og:title\" content=\"MESURES PR\u00c9VENTIVES POUR LES ENTREP\u00d4TS PENDANT LA D\u00c9SESCALADE | Estanter\u00edas Record\" \/>\n<meta property=\"og:description\" content=\"L&rsquo;AECOC a r\u00e9cemment publi\u00e9 un deuxi\u00e8me protocole de&nbsp;\u00ab\u00a0Recommandations pour la pr\u00e9vention des infections de la Covid-19 dans les entrep\u00f4ts et les centres logistiques\u00a0\u00bb qui d\u00e9taille les mesures de pr\u00e9vention qui devraient \u00eatre adopt\u00e9es pendant la p\u00e9riode de d\u00e9sescalade pour garantir la s\u00e9curit\u00e9 de l&rsquo;ensemble du personnel. &nbsp; Ce protocole met l&rsquo;accent sur les mesures d&rsquo;hygi\u00e8ne [&hellip;]\" \/>\n<meta property=\"og:url\" content=\"https:\/\/estanteriasrecord.com\/fr\/blog\/mesures-preventives-pour-les-entrepots-pendant-la-desescalad\" \/>\n<meta property=\"og:site_name\" content=\"Estanter\u00edas Record\" \/>\n<meta property=\"article:publisher\" content=\"https:\/\/www.facebook.com\/estanteriasrecord\/\" \/>\n<meta property=\"article:published_time\" content=\"2020-06-09T11:17:40+00:00\" \/>\n<meta property=\"article:modified_time\" content=\"2025-02-24T16:47:24+00:00\" \/>\n<meta property=\"og:image\" content=\"https:\/\/estanteriasrecord.com\/wp-content\/uploads\/2024\/06\/recomendaciones_prevencipon_covid_19_esrecord.jpg\" \/>\n\t<meta property=\"og:image:width\" content=\"1920\" \/>\n\t<meta property=\"og:image:height\" content=\"1280\" \/>\n\t<meta property=\"og:image:type\" content=\"image\/jpeg\" \/>\n<meta name=\"author\" content=\"magical_pro\" \/>\n<meta name=\"twitter:card\" content=\"summary_large_image\" \/>\n<meta name=\"twitter:label1\" content=\"\u00c9crit par\" \/>\n\t<meta name=\"twitter:data1\" content=\"magical_pro\" \/>\n\t<meta name=\"twitter:label2\" content=\"Dur\u00e9e de lecture estim\u00e9e\" \/>\n\t<meta name=\"twitter:data2\" content=\"3 minutes\" \/>\n<script type=\"application\/ld+json\" class=\"yoast-schema-graph\">{\"@context\":\"https:\/\/schema.org\",\"@graph\":[{\"@type\":\"Article\",\"@id\":\"https:\/\/estanteriasrecord.com\/fr\/blog\/mesures-preventives-pour-les-entrepots-pendant-la-desescalad#article\",\"isPartOf\":{\"@id\":\"https:\/\/estanteriasrecord.com\/fr\/blog\/mesures-preventives-pour-les-entrepots-pendant-la-desescalad\"},\"author\":{\"name\":\"magical_pro\",\"@id\":\"https:\/\/estanteriasrecord.com\/fr#\/schema\/person\/c28b4665b86ed0cfcf845c887a67eb4c\"},\"headline\":\"MESURES PR\u00c9VENTIVES POUR LES ENTREP\u00d4TS PENDANT LA D\u00c9SESCALADE\",\"datePublished\":\"2020-06-09T11:17:40+00:00\",\"dateModified\":\"2025-02-24T16:47:24+00:00\",\"mainEntityOfPage\":{\"@id\":\"https:\/\/estanteriasrecord.com\/fr\/blog\/mesures-preventives-pour-les-entrepots-pendant-la-desescalad\"},\"wordCount\":595,\"publisher\":{\"@id\":\"https:\/\/estanteriasrecord.com\/fr#organization\"},\"image\":{\"@id\":\"https:\/\/estanteriasrecord.com\/fr\/blog\/mesures-preventives-pour-les-entrepots-pendant-la-desescalad#primaryimage\"},\"thumbnailUrl\":\"https:\/\/estanteriasrecord.com\/wp-content\/uploads\/2024\/06\/recomendaciones_prevencipon_covid_19_esrecord.jpg\",\"articleSection\":[\"Blog\"],\"inLanguage\":\"fr-FR\"},{\"@type\":\"WebPage\",\"@id\":\"https:\/\/estanteriasrecord.com\/fr\/blog\/mesures-preventives-pour-les-entrepots-pendant-la-desescalad\",\"url\":\"https:\/\/estanteriasrecord.com\/fr\/blog\/mesures-preventives-pour-les-entrepots-pendant-la-desescalad\",\"name\":\"MESURES PR\u00c9VENTIVES POUR LES ENTREP\u00d4TS PENDANT LA D\u00c9SESCALADE | Estanter\u00edas Record\",\"isPartOf\":{\"@id\":\"https:\/\/estanteriasrecord.com\/fr#website\"},\"primaryImageOfPage\":{\"@id\":\"https:\/\/estanteriasrecord.com\/fr\/blog\/mesures-preventives-pour-les-entrepots-pendant-la-desescalad#primaryimage\"},\"image\":{\"@id\":\"https:\/\/estanteriasrecord.com\/fr\/blog\/mesures-preventives-pour-les-entrepots-pendant-la-desescalad#primaryimage\"},\"thumbnailUrl\":\"https:\/\/estanteriasrecord.com\/wp-content\/uploads\/2024\/06\/recomendaciones_prevencipon_covid_19_esrecord.jpg\",\"datePublished\":\"2020-06-09T11:17:40+00:00\",\"dateModified\":\"2025-02-24T16:47:24+00:00\",\"breadcrumb\":{\"@id\":\"https:\/\/estanteriasrecord.com\/fr\/blog\/mesures-preventives-pour-les-entrepots-pendant-la-desescalad#breadcrumb\"},\"inLanguage\":\"fr-FR\",\"potentialAction\":[{\"@type\":\"ReadAction\",\"target\":[\"https:\/\/estanteriasrecord.com\/fr\/blog\/mesures-preventives-pour-les-entrepots-pendant-la-desescalad\"]}]},{\"@type\":\"ImageObject\",\"inLanguage\":\"fr-FR\",\"@id\":\"https:\/\/estanteriasrecord.com\/fr\/blog\/mesures-preventives-pour-les-entrepots-pendant-la-desescalad#primaryimage\",\"url\":\"https:\/\/estanteriasrecord.com\/wp-content\/uploads\/2024\/06\/recomendaciones_prevencipon_covid_19_esrecord.jpg\",\"contentUrl\":\"https:\/\/estanteriasrecord.com\/wp-content\/uploads\/2024\/06\/recomendaciones_prevencipon_covid_19_esrecord.jpg\",\"width\":1920,\"height\":1280},{\"@type\":\"BreadcrumbList\",\"@id\":\"https:\/\/estanteriasrecord.com\/fr\/blog\/mesures-preventives-pour-les-entrepots-pendant-la-desescalad#breadcrumb\",\"itemListElement\":[{\"@type\":\"ListItem\",\"position\":1,\"name\":\"Portada\",\"item\":\"https:\/\/estanteriasrecord.com\/fr\/estanterias-record\"},{\"@type\":\"ListItem\",\"position\":2,\"name\":\"MESURES PR\u00c9VENTIVES POUR LES ENTREP\u00d4TS PENDANT LA D\u00c9SESCALADE\"}]},{\"@type\":\"WebSite\",\"@id\":\"https:\/\/estanteriasrecord.com\/fr#website\",\"url\":\"https:\/\/estanteriasrecord.com\/fr\",\"name\":\"Estanter\u00edas Record\",\"description\":\"Sistemas eficientes de almacenamiento\",\"publisher\":{\"@id\":\"https:\/\/estanteriasrecord.com\/fr#organization\"},\"potentialAction\":[{\"@type\":\"SearchAction\",\"target\":{\"@type\":\"EntryPoint\",\"urlTemplate\":\"https:\/\/estanteriasrecord.com\/fr?s={search_term_string}\"},\"query-input\":{\"@type\":\"PropertyValueSpecification\",\"valueRequired\":true,\"valueName\":\"search_term_string\"}}],\"inLanguage\":\"fr-FR\"},{\"@type\":\"Organization\",\"@id\":\"https:\/\/estanteriasrecord.com\/fr#organization\",\"name\":\"Estanter\u00edas Record\",\"url\":\"https:\/\/estanteriasrecord.com\/fr\",\"logo\":{\"@type\":\"ImageObject\",\"inLanguage\":\"fr-FR\",\"@id\":\"https:\/\/estanteriasrecord.com\/fr#\/schema\/logo\/image\/\",\"url\":\"https:\/\/estanteriasrecord.com\/wp-content\/uploads\/2024\/03\/logo_cab_doc.png\",\"contentUrl\":\"https:\/\/estanteriasrecord.com\/wp-content\/uploads\/2024\/03\/logo_cab_doc.png\",\"width\":250,\"height\":119,\"caption\":\"Estanter\u00edas Record\"},\"image\":{\"@id\":\"https:\/\/estanteriasrecord.com\/fr#\/schema\/logo\/image\/\"},\"sameAs\":[\"https:\/\/www.facebook.com\/estanteriasrecord\/\"]},{\"@type\":\"Person\",\"@id\":\"https:\/\/estanteriasrecord.com\/fr#\/schema\/person\/c28b4665b86ed0cfcf845c887a67eb4c\",\"name\":\"magical_pro\",\"image\":{\"@type\":\"ImageObject\",\"inLanguage\":\"fr-FR\",\"@id\":\"https:\/\/estanteriasrecord.com\/fr#\/schema\/person\/image\/\",\"url\":\"https:\/\/secure.gravatar.com\/avatar\/d3f557e3081c5b56eb83c595e7c177c2d80c9d4a7da37300e7785e1bef6fa5fb?s=96&d=mm&r=g\",\"contentUrl\":\"https:\/\/secure.gravatar.com\/avatar\/d3f557e3081c5b56eb83c595e7c177c2d80c9d4a7da37300e7785e1bef6fa5fb?s=96&d=mm&r=g\",\"caption\":\"magical_pro\"},\"url\":\"https:\/\/estanteriasrecord.com\/fr\/blog\/author\/magical_pro\"}]}<\/script>\n<!-- \/ Yoast SEO plugin. -->","yoast_head_json":{"title":"MESURES PR\u00c9VENTIVES POUR LES ENTREP\u00d4TS PENDANT LA D\u00c9SESCALADE | Estanter\u00edas Record","robots":{"index":"index","follow":"follow","max-snippet":"max-snippet:-1","max-image-preview":"max-image-preview:large","max-video-preview":"max-video-preview:-1"},"canonical":"https:\/\/estanteriasrecord.com\/fr\/blog\/mesures-preventives-pour-les-entrepots-pendant-la-desescalad","og_locale":"fr_FR","og_type":"article","og_title":"MESURES PR\u00c9VENTIVES POUR LES ENTREP\u00d4TS PENDANT LA D\u00c9SESCALADE | Estanter\u00edas Record","og_description":"L&rsquo;AECOC a r\u00e9cemment publi\u00e9 un deuxi\u00e8me protocole de&nbsp;\u00ab\u00a0Recommandations pour la pr\u00e9vention des infections de la Covid-19 dans les entrep\u00f4ts et les centres logistiques\u00a0\u00bb qui d\u00e9taille les mesures de pr\u00e9vention qui devraient \u00eatre adopt\u00e9es pendant la p\u00e9riode de d\u00e9sescalade pour garantir la s\u00e9curit\u00e9 de l&rsquo;ensemble du personnel. &nbsp; Ce protocole met l&rsquo;accent sur les mesures d&rsquo;hygi\u00e8ne [&hellip;]","og_url":"https:\/\/estanteriasrecord.com\/fr\/blog\/mesures-preventives-pour-les-entrepots-pendant-la-desescalad","og_site_name":"Estanter\u00edas Record","article_publisher":"https:\/\/www.facebook.com\/estanteriasrecord\/","article_published_time":"2020-06-09T11:17:40+00:00","article_modified_time":"2025-02-24T16:47:24+00:00","og_image":[{"width":1920,"height":1280,"url":"https:\/\/estanteriasrecord.com\/wp-content\/uploads\/2024\/06\/recomendaciones_prevencipon_covid_19_esrecord.jpg","type":"image\/jpeg"}],"author":"magical_pro","twitter_card":"summary_large_image","twitter_misc":{"\u00c9crit par":"magical_pro","Dur\u00e9e de lecture estim\u00e9e":"3 minutes"},"schema":{"@context":"https:\/\/schema.org","@graph":[{"@type":"Article","@id":"https:\/\/estanteriasrecord.com\/fr\/blog\/mesures-preventives-pour-les-entrepots-pendant-la-desescalad#article","isPartOf":{"@id":"https:\/\/estanteriasrecord.com\/fr\/blog\/mesures-preventives-pour-les-entrepots-pendant-la-desescalad"},"author":{"name":"magical_pro","@id":"https:\/\/estanteriasrecord.com\/fr#\/schema\/person\/c28b4665b86ed0cfcf845c887a67eb4c"},"headline":"MESURES PR\u00c9VENTIVES POUR LES ENTREP\u00d4TS PENDANT LA D\u00c9SESCALADE","datePublished":"2020-06-09T11:17:40+00:00","dateModified":"2025-02-24T16:47:24+00:00","mainEntityOfPage":{"@id":"https:\/\/estanteriasrecord.com\/fr\/blog\/mesures-preventives-pour-les-entrepots-pendant-la-desescalad"},"wordCount":595,"publisher":{"@id":"https:\/\/estanteriasrecord.com\/fr#organization"},"image":{"@id":"https:\/\/estanteriasrecord.com\/fr\/blog\/mesures-preventives-pour-les-entrepots-pendant-la-desescalad#primaryimage"},"thumbnailUrl":"https:\/\/estanteriasrecord.com\/wp-content\/uploads\/2024\/06\/recomendaciones_prevencipon_covid_19_esrecord.jpg","articleSection":["Blog"],"inLanguage":"fr-FR"},{"@type":"WebPage","@id":"https:\/\/estanteriasrecord.com\/fr\/blog\/mesures-preventives-pour-les-entrepots-pendant-la-desescalad","url":"https:\/\/estanteriasrecord.com\/fr\/blog\/mesures-preventives-pour-les-entrepots-pendant-la-desescalad","name":"MESURES PR\u00c9VENTIVES POUR LES ENTREP\u00d4TS PENDANT LA D\u00c9SESCALADE | Estanter\u00edas Record","isPartOf":{"@id":"https:\/\/estanteriasrecord.com\/fr#website"},"primaryImageOfPage":{"@id":"https:\/\/estanteriasrecord.com\/fr\/blog\/mesures-preventives-pour-les-entrepots-pendant-la-desescalad#primaryimage"},"image":{"@id":"https:\/\/estanteriasrecord.com\/fr\/blog\/mesures-preventives-pour-les-entrepots-pendant-la-desescalad#primaryimage"},"thumbnailUrl":"https:\/\/estanteriasrecord.com\/wp-content\/uploads\/2024\/06\/recomendaciones_prevencipon_covid_19_esrecord.jpg","datePublished":"2020-06-09T11:17:40+00:00","dateModified":"2025-02-24T16:47:24+00:00","breadcrumb":{"@id":"https:\/\/estanteriasrecord.com\/fr\/blog\/mesures-preventives-pour-les-entrepots-pendant-la-desescalad#breadcrumb"},"inLanguage":"fr-FR","potentialAction":[{"@type":"ReadAction","target":["https:\/\/estanteriasrecord.com\/fr\/blog\/mesures-preventives-pour-les-entrepots-pendant-la-desescalad"]}]},{"@type":"ImageObject","inLanguage":"fr-FR","@id":"https:\/\/estanteriasrecord.com\/fr\/blog\/mesures-preventives-pour-les-entrepots-pendant-la-desescalad#primaryimage","url":"https:\/\/estanteriasrecord.com\/wp-content\/uploads\/2024\/06\/recomendaciones_prevencipon_covid_19_esrecord.jpg","contentUrl":"https:\/\/estanteriasrecord.com\/wp-content\/uploads\/2024\/06\/recomendaciones_prevencipon_covid_19_esrecord.jpg","width":1920,"height":1280},{"@type":"BreadcrumbList","@id":"https:\/\/estanteriasrecord.com\/fr\/blog\/mesures-preventives-pour-les-entrepots-pendant-la-desescalad#breadcrumb","itemListElement":[{"@type":"ListItem","position":1,"name":"Portada","item":"https:\/\/estanteriasrecord.com\/fr\/estanterias-record"},{"@type":"ListItem","position":2,"name":"MESURES PR\u00c9VENTIVES POUR LES ENTREP\u00d4TS PENDANT LA D\u00c9SESCALADE"}]},{"@type":"WebSite","@id":"https:\/\/estanteriasrecord.com\/fr#website","url":"https:\/\/estanteriasrecord.com\/fr","name":"Estanter\u00edas Record","description":"Sistemas eficientes de almacenamiento","publisher":{"@id":"https:\/\/estanteriasrecord.com\/fr#organization"},"potentialAction":[{"@type":"SearchAction","target":{"@type":"EntryPoint","urlTemplate":"https:\/\/estanteriasrecord.com\/fr?s={search_term_string}"},"query-input":{"@type":"PropertyValueSpecification","valueRequired":true,"valueName":"search_term_string"}}],"inLanguage":"fr-FR"},{"@type":"Organization","@id":"https:\/\/estanteriasrecord.com\/fr#organization","name":"Estanter\u00edas Record","url":"https:\/\/estanteriasrecord.com\/fr","logo":{"@type":"ImageObject","inLanguage":"fr-FR","@id":"https:\/\/estanteriasrecord.com\/fr#\/schema\/logo\/image\/","url":"https:\/\/estanteriasrecord.com\/wp-content\/uploads\/2024\/03\/logo_cab_doc.png","contentUrl":"https:\/\/estanteriasrecord.com\/wp-content\/uploads\/2024\/03\/logo_cab_doc.png","width":250,"height":119,"caption":"Estanter\u00edas Record"},"image":{"@id":"https:\/\/estanteriasrecord.com\/fr#\/schema\/logo\/image\/"},"sameAs":["https:\/\/www.facebook.com\/estanteriasrecord\/"]},{"@type":"Person","@id":"https:\/\/estanteriasrecord.com\/fr#\/schema\/person\/c28b4665b86ed0cfcf845c887a67eb4c","name":"magical_pro","image":{"@type":"ImageObject","inLanguage":"fr-FR","@id":"https:\/\/estanteriasrecord.com\/fr#\/schema\/person\/image\/","url":"https:\/\/secure.gravatar.com\/avatar\/d3f557e3081c5b56eb83c595e7c177c2d80c9d4a7da37300e7785e1bef6fa5fb?s=96&d=mm&r=g","contentUrl":"https:\/\/secure.gravatar.com\/avatar\/d3f557e3081c5b56eb83c595e7c177c2d80c9d4a7da37300e7785e1bef6fa5fb?s=96&d=mm&r=g","caption":"magical_pro"},"url":"https:\/\/estanteriasrecord.com\/fr\/blog\/author\/magical_pro"}]}},"_links":{"self":[{"href":"https:\/\/estanteriasrecord.com\/fr\/wp-json\/wp\/v2\/posts\/17511","targetHints":{"allow":["GET"]}}],"collection":[{"href":"https:\/\/estanteriasrecord.com\/fr\/wp-json\/wp\/v2\/posts"}],"about":[{"href":"https:\/\/estanteriasrecord.com\/fr\/wp-json\/wp\/v2\/types\/post"}],"author":[{"embeddable":true,"href":"https:\/\/estanteriasrecord.com\/fr\/wp-json\/wp\/v2\/users\/5"}],"replies":[{"embeddable":true,"href":"https:\/\/estanteriasrecord.com\/fr\/wp-json\/wp\/v2\/comments?post=17511"}],"version-history":[{"count":1,"href":"https:\/\/estanteriasrecord.com\/fr\/wp-json\/wp\/v2\/posts\/17511\/revisions"}],"predecessor-version":[{"id":17512,"href":"https:\/\/estanteriasrecord.com\/fr\/wp-json\/wp\/v2\/posts\/17511\/revisions\/17512"}],"wp:featuredmedia":[{"embeddable":true,"href":"https:\/\/estanteriasrecord.com\/fr\/wp-json\/wp\/v2\/media\/14023"}],"wp:attachment":[{"href":"https:\/\/estanteriasrecord.com\/fr\/wp-json\/wp\/v2\/media?parent=17511"}],"wp:term":[{"taxonomy":"category","embeddable":true,"href":"https:\/\/estanteriasrecord.com\/fr\/wp-json\/wp\/v2\/categories?post=17511"},{"taxonomy":"post_tag","embeddable":true,"href":"https:\/\/estanteriasrecord.com\/fr\/wp-json\/wp\/v2\/tags?post=17511"}],"curies":[{"name":"wp","href":"https:\/\/api.w.org\/{rel}","templated":true}]}}